{"id":61128,"date":"2024-02-12T09:18:00","date_gmt":"2024-02-12T08:18:00","guid":{"rendered":"https:\/\/www.buff.se\/?p=61128"},"modified":"2024-02-12T09:18:03","modified_gmt":"2024-02-12T08:18:03","slug":"opening-2024-lars-is-lol-det-har-glommer-jag-aldrig","status":"publish","type":"post","link":"https:\/\/www.buff.se\/en\/okategoriserad-en\/opening-2024-lars-is-lol-det-har-glommer-jag-aldrig\/","title":{"rendered":"Opening 2024: Lars is LOL + Det h\u00e4r gl\u00f6mmer jag aldrig"},"content":{"rendered":"\n<p>Welcome to a lively festival inauguration at the Royal Cinema and the premiere of the Norwegian film <em>Lars \u00e4r LOL<\/em>. The event includes everything a premiere should include \u2013 red carpet, film teams in attendance and festival snacks. Before the screening, we\u2019ll have the chance to learn more about the exciting book project <em>Det h\u00e4r gl\u00f6mmer jag aldrig<\/em>. BUFF 2024, let\u2019s go!<\/p>\n\n\n\n<div class=\"wp-block-buttons is-layout-flex wp-block-buttons-is-layout-flex\">\n<div class=\"wp-block-button\"><a class=\"wp-block-button__link wp-element-button\" href=\"https:\/\/www.buff.se\/visning\/lars-ar-lol-2\/\" target=\"_blank\" rel=\"noreferrer noopener\">Tickets<\/a><\/div>\n<\/div>\n\n\n\n<div style=\"height:100px\" aria-hidden=\"true\" class=\"wp-block-spacer\"><\/div>\n\n\n\n<div class=\"wp-block-columns is-layout-flex wp-container-core-columns-is-layout-9d6595d7 wp-block-columns-is-layout-flex\">\n<div class=\"wp-block-column is-layout-flow wp-block-column-is-layout-flow\">\n<figure class=\"wp-block-image size-large is-resized\"><img loading=\"lazy\" decoding=\"async\" width=\"1024\" height=\"736\" src=\"https:\/\/www.buff.se\/wp-content\/uploads\/2024\/02\/det-har-glommer-jag-aldrig-1024x736.png\" alt=\"\" class=\"wp-image-60905\" style=\"width:415px;height:auto\" srcset=\"https:\/\/www.buff.se\/wp-content\/uploads\/2024\/02\/det-har-glommer-jag-aldrig-1024x736.png 1024w, https:\/\/www.buff.se\/wp-content\/uploads\/2024\/02\/det-har-glommer-jag-aldrig-350x252.png 350w, https:\/\/www.buff.se\/wp-content\/uploads\/2024\/02\/det-har-glommer-jag-aldrig-768x552.png 768w, https:\/\/www.buff.se\/wp-content\/uploads\/2024\/02\/det-har-glommer-jag-aldrig-300x216.png 300w, https:\/\/www.buff.se\/wp-content\/uploads\/2024\/02\/det-har-glommer-jag-aldrig.png 1252w\" sizes=\"auto, (max-width: 1024px) 100vw, 1024px\" \/><\/figure>\n<\/div>\n\n\n\n<div class=\"wp-block-column is-layout-flow wp-block-column-is-layout-flow\">\n<p><strong>Det h\u00e4r gl\u00f6mmer jag aldrig &#8211; reading + preview<\/strong><br \/>In a book project initiated by author Marit T\u00f6rnkvist, artist Kim Dem\u00e5ne, Helamalm\u00f6 and Nydalaskolan, young people of Malm\u00f6 share their funny, sad, dramatic, weird and scary memories. Four youngsters who have participated in the project read their texts about experiences they\u2019ll never forget.\u00a0\u00a0<\/p>\n\n\n\n<p>There will be a stand in the Royal Cinema\u2019s foyer where you can browse the book.&nbsp;<\/p>\n<\/div>\n<\/div>\n\n\n","protected":false},"excerpt":{"rendered":"<p>Welcome to a lively festival inauguration at the Royal Cinema and the premiere of the Norwegian film Lars \u00e4r LOL. The event includes everything a premiere should include \u2013 red carpet, film teams in attendance and festival snacks. Before the screening, we\u2019ll have the chance to learn more about the exciting book project Det h\u00e4r [&hellip;]<\/p>\n","protected":false},"author":2,"featured_media":58406,"comment_status":"closed","ping_status":"open","sticky":false,"template":"","format":"standard","meta":{"_acf_changed":false,"inline_featured_image":false,"footnotes":""},"categories":[1311,751],"tags":[],"class_list":["post-61128","post","type-post","status-publish","format-standard","has-post-thumbnail","hentry","category-buff-2024-2","category-okategoriserad-en"],"acf":[],"yoast_head":"<!-- This site is optimized with the Yoast SEO plugin v27.2 - https:\/\/yoast.com\/product\/yoast-seo-wordpress\/ -->\n<title>Opening 2024: Lars is LOL + Det h\u00e4r gl\u00f6mmer jag aldrig - BUFF Malm\u00f6<\/title>\n<meta name=\"robots\" content=\"index, follow, max-snippet:-1, max-image-preview:large, max-video-preview:-1\" \/>\n<link rel=\"canonical\" href=\"https:\/\/www.buff.se\/en\/okategoriserad-en\/opening-2024-lars-is-lol-det-har-glommer-jag-aldrig\/\" \/>\n<meta property=\"og:locale\" content=\"en_US\" \/>\n<meta property=\"og:type\" content=\"article\" \/>\n<meta property=\"og:title\" content=\"Opening 2024: Lars is LOL + Det h\u00e4r gl\u00f6mmer jag aldrig - BUFF Malm\u00f6\" \/>\n<meta property=\"og:description\" content=\"Welcome to a lively festival inauguration at the Royal Cinema and the premiere of the Norwegian film Lars \u00e4r LOL. The event includes everything a premiere should include \u2013 red carpet, film teams in attendance and festival snacks. Before the screening, we\u2019ll have the chance to learn more about the exciting book project Det h\u00e4r [&hellip;]\" \/>\n<meta property=\"og:url\" content=\"https:\/\/www.buff.se\/en\/okategoriserad-en\/opening-2024-lars-is-lol-det-har-glommer-jag-aldrig\/\" \/>\n<meta property=\"og:site_name\" content=\"BUFF Malm\u00f6\" \/>\n<meta property=\"article:publisher\" content=\"https:\/\/www.facebook.com\/buff.festival\/\" \/>\n<meta property=\"article:published_time\" content=\"2024-02-12T08:18:00+00:00\" \/>\n<meta property=\"article:modified_time\" content=\"2024-02-12T08:18:03+00:00\" \/>\n<meta property=\"og:image\" content=\"https:\/\/www.buff.se\/wp-content\/uploads\/2024\/01\/BUFF2024_Lars-ar-LOL-2.jpg\" \/>\n\t<meta property=\"og:image:width\" content=\"1600\" \/>\n\t<meta property=\"og:image:height\" content=\"865\" \/>\n\t<meta property=\"og:image:type\" content=\"image\/jpeg\" \/>\n<meta name=\"author\" content=\"BUFF\" \/>\n<meta name=\"twitter:card\" content=\"summary_large_image\" \/>\n<meta name=\"twitter:creator\" content=\"@BUFF_Malmo\" \/>\n<meta name=\"twitter:site\" content=\"@BUFF_Malmo\" \/>\n<meta name=\"twitter:label1\" content=\"Written by\" \/>\n\t<meta name=\"twitter:data1\" content=\"BUFF\" \/>\n\t<meta name=\"twitter:label2\" content=\"Est. reading time\" \/>\n\t<meta name=\"twitter:data2\" content=\"1 minute\" \/>\n<script type=\"application\/ld+json\" class=\"yoast-schema-graph\">{\"@context\":\"https:\/\/schema.org\",\"@graph\":[{\"@type\":\"Article\",\"@id\":\"https:\/\/www.buff.se\/en\/okategoriserad-en\/opening-2024-lars-is-lol-det-har-glommer-jag-aldrig\/#article\",\"isPartOf\":{\"@id\":\"https:\/\/www.buff.se\/en\/okategoriserad-en\/opening-2024-lars-is-lol-det-har-glommer-jag-aldrig\/\"},\"author\":{\"name\":\"BUFF\",\"@id\":\"https:\/\/makesmefeel.com\/demo\/#\/schema\/person\/052f80936b7c33fdc3da068c5db68171\"},\"headline\":\"Opening 2024: Lars is LOL + Det h\u00e4r gl\u00f6mmer jag aldrig\",\"datePublished\":\"2024-02-12T08:18:00+00:00\",\"dateModified\":\"2024-02-12T08:18:03+00:00\",\"mainEntityOfPage\":{\"@id\":\"https:\/\/www.buff.se\/en\/okategoriserad-en\/opening-2024-lars-is-lol-det-har-glommer-jag-aldrig\/\"},\"wordCount\":151,\"publisher\":{\"@id\":\"https:\/\/makesmefeel.com\/demo\/#organization\"},\"image\":{\"@id\":\"https:\/\/www.buff.se\/en\/okategoriserad-en\/opening-2024-lars-is-lol-det-har-glommer-jag-aldrig\/#primaryimage\"},\"thumbnailUrl\":\"https:\/\/www.buff.se\/wp-content\/uploads\/2024\/01\/BUFF2024_Lars-ar-LOL-2.jpg\",\"articleSection\":[\"BUFF 2024\",\"Okategoriserad\"],\"inLanguage\":\"en-US\"},{\"@type\":\"WebPage\",\"@id\":\"https:\/\/www.buff.se\/en\/okategoriserad-en\/opening-2024-lars-is-lol-det-har-glommer-jag-aldrig\/\",\"url\":\"https:\/\/www.buff.se\/en\/okategoriserad-en\/opening-2024-lars-is-lol-det-har-glommer-jag-aldrig\/\",\"name\":\"Opening 2024: Lars is LOL + Det h\u00e4r gl\u00f6mmer jag aldrig - BUFF Malm\u00f6\",\"isPartOf\":{\"@id\":\"https:\/\/makesmefeel.com\/demo\/#website\"},\"primaryImageOfPage\":{\"@id\":\"https:\/\/www.buff.se\/en\/okategoriserad-en\/opening-2024-lars-is-lol-det-har-glommer-jag-aldrig\/#primaryimage\"},\"image\":{\"@id\":\"https:\/\/www.buff.se\/en\/okategoriserad-en\/opening-2024-lars-is-lol-det-har-glommer-jag-aldrig\/#primaryimage\"},\"thumbnailUrl\":\"https:\/\/www.buff.se\/wp-content\/uploads\/2024\/01\/BUFF2024_Lars-ar-LOL-2.jpg\",\"datePublished\":\"2024-02-12T08:18:00+00:00\",\"dateModified\":\"2024-02-12T08:18:03+00:00\",\"breadcrumb\":{\"@id\":\"https:\/\/www.buff.se\/en\/okategoriserad-en\/opening-2024-lars-is-lol-det-har-glommer-jag-aldrig\/#breadcrumb\"},\"inLanguage\":\"en-US\",\"potentialAction\":[{\"@type\":\"ReadAction\",\"target\":[\"https:\/\/www.buff.se\/en\/okategoriserad-en\/opening-2024-lars-is-lol-det-har-glommer-jag-aldrig\/\"]}]},{\"@type\":\"ImageObject\",\"inLanguage\":\"en-US\",\"@id\":\"https:\/\/www.buff.se\/en\/okategoriserad-en\/opening-2024-lars-is-lol-det-har-glommer-jag-aldrig\/#primaryimage\",\"url\":\"https:\/\/www.buff.se\/wp-content\/uploads\/2024\/01\/BUFF2024_Lars-ar-LOL-2.jpg\",\"contentUrl\":\"https:\/\/www.buff.se\/wp-content\/uploads\/2024\/01\/BUFF2024_Lars-ar-LOL-2.jpg\",\"width\":1600,\"height\":865},{\"@type\":\"BreadcrumbList\",\"@id\":\"https:\/\/www.buff.se\/en\/okategoriserad-en\/opening-2024-lars-is-lol-det-har-glommer-jag-aldrig\/#breadcrumb\",\"itemListElement\":[{\"@type\":\"ListItem\",\"position\":1,\"name\":\"Hem\",\"item\":\"https:\/\/www.buff.se\/en\/\"},{\"@type\":\"ListItem\",\"position\":2,\"name\":\"Opening 2024: Lars is LOL + Det h\u00e4r gl\u00f6mmer jag aldrig\"}]},{\"@type\":\"WebSite\",\"@id\":\"https:\/\/makesmefeel.com\/demo\/#website\",\"url\":\"https:\/\/makesmefeel.com\/demo\/\",\"name\":\"BUFF Malm\u00f6\",\"description\":\"Barn- och ungdomsfilmfestival\",\"publisher\":{\"@id\":\"https:\/\/makesmefeel.com\/demo\/#organization\"},\"potentialAction\":[{\"@type\":\"SearchAction\",\"target\":{\"@type\":\"EntryPoint\",\"urlTemplate\":\"https:\/\/makesmefeel.com\/demo\/?s={search_term_string}\"},\"query-input\":{\"@type\":\"PropertyValueSpecification\",\"valueRequired\":true,\"valueName\":\"search_term_string\"}}],\"inLanguage\":\"en-US\"},{\"@type\":\"Organization\",\"@id\":\"https:\/\/makesmefeel.com\/demo\/#organization\",\"name\":\"BUFF Malm\u00f6\",\"url\":\"https:\/\/makesmefeel.com\/demo\/\",\"logo\":{\"@type\":\"ImageObject\",\"inLanguage\":\"en-US\",\"@id\":\"https:\/\/makesmefeel.com\/demo\/#\/schema\/logo\/image\/\",\"url\":\"https:\/\/www.buff.se\/wp-content\/uploads\/2021\/10\/buff-logo.svg\",\"contentUrl\":\"https:\/\/www.buff.se\/wp-content\/uploads\/2021\/10\/buff-logo.svg\",\"caption\":\"BUFF Malm\u00f6\"},\"image\":{\"@id\":\"https:\/\/makesmefeel.com\/demo\/#\/schema\/logo\/image\/\"},\"sameAs\":[\"https:\/\/www.facebook.com\/buff.festival\/\",\"https:\/\/x.com\/BUFF_Malmo\",\"https:\/\/www.instagram.com\/buff_malmo\/\"]},{\"@type\":\"Person\",\"@id\":\"https:\/\/makesmefeel.com\/demo\/#\/schema\/person\/052f80936b7c33fdc3da068c5db68171\",\"name\":\"BUFF\",\"image\":{\"@type\":\"ImageObject\",\"inLanguage\":\"en-US\",\"@id\":\"https:\/\/secure.gravatar.com\/avatar\/3321bf87f07638661dea0b000d943abc703693cca05aa15907eb76497a967270?s=96&d=mm&r=g\",\"url\":\"https:\/\/secure.gravatar.com\/avatar\/3321bf87f07638661dea0b000d943abc703693cca05aa15907eb76497a967270?s=96&d=mm&r=g\",\"contentUrl\":\"https:\/\/secure.gravatar.com\/avatar\/3321bf87f07638661dea0b000d943abc703693cca05aa15907eb76497a967270?s=96&d=mm&r=g\",\"caption\":\"BUFF\"},\"sameAs\":[\"https:\/\/www.buff.se\"],\"url\":\"\/#\"}]}<\/script>\n<!-- \/ Yoast SEO plugin. -->","yoast_head_json":{"title":"Opening 2024: Lars is LOL + Det h\u00e4r gl\u00f6mmer jag aldrig - BUFF Malm\u00f6","robots":{"index":"index","follow":"follow","max-snippet":"max-snippet:-1","max-image-preview":"max-image-preview:large","max-video-preview":"max-video-preview:-1"},"canonical":"https:\/\/www.buff.se\/en\/okategoriserad-en\/opening-2024-lars-is-lol-det-har-glommer-jag-aldrig\/","og_locale":"en_US","og_type":"article","og_title":"Opening 2024: Lars is LOL + Det h\u00e4r gl\u00f6mmer jag aldrig - BUFF Malm\u00f6","og_description":"Welcome to a lively festival inauguration at the Royal Cinema and the premiere of the Norwegian film Lars \u00e4r LOL. The event includes everything a premiere should include \u2013 red carpet, film teams in attendance and festival snacks. Before the screening, we\u2019ll have the chance to learn more about the exciting book project Det h\u00e4r [&hellip;]","og_url":"https:\/\/www.buff.se\/en\/okategoriserad-en\/opening-2024-lars-is-lol-det-har-glommer-jag-aldrig\/","og_site_name":"BUFF Malm\u00f6","article_publisher":"https:\/\/www.facebook.com\/buff.festival\/","article_published_time":"2024-02-12T08:18:00+00:00","article_modified_time":"2024-02-12T08:18:03+00:00","og_image":[{"width":1600,"height":865,"url":"https:\/\/www.buff.se\/wp-content\/uploads\/2024\/01\/BUFF2024_Lars-ar-LOL-2.jpg","type":"image\/jpeg"}],"author":"BUFF","twitter_card":"summary_large_image","twitter_creator":"@BUFF_Malmo","twitter_site":"@BUFF_Malmo","twitter_misc":{"Written by":"BUFF","Est. reading time":"1 minute"},"schema":{"@context":"https:\/\/schema.org","@graph":[{"@type":"Article","@id":"https:\/\/www.buff.se\/en\/okategoriserad-en\/opening-2024-lars-is-lol-det-har-glommer-jag-aldrig\/#article","isPartOf":{"@id":"https:\/\/www.buff.se\/en\/okategoriserad-en\/opening-2024-lars-is-lol-det-har-glommer-jag-aldrig\/"},"author":{"name":"BUFF","@id":"https:\/\/makesmefeel.com\/demo\/#\/schema\/person\/052f80936b7c33fdc3da068c5db68171"},"headline":"Opening 2024: Lars is LOL + Det h\u00e4r gl\u00f6mmer jag aldrig","datePublished":"2024-02-12T08:18:00+00:00","dateModified":"2024-02-12T08:18:03+00:00","mainEntityOfPage":{"@id":"https:\/\/www.buff.se\/en\/okategoriserad-en\/opening-2024-lars-is-lol-det-har-glommer-jag-aldrig\/"},"wordCount":151,"publisher":{"@id":"https:\/\/makesmefeel.com\/demo\/#organization"},"image":{"@id":"https:\/\/www.buff.se\/en\/okategoriserad-en\/opening-2024-lars-is-lol-det-har-glommer-jag-aldrig\/#primaryimage"},"thumbnailUrl":"https:\/\/www.buff.se\/wp-content\/uploads\/2024\/01\/BUFF2024_Lars-ar-LOL-2.jpg","articleSection":["BUFF 2024","Okategoriserad"],"inLanguage":"en-US"},{"@type":"WebPage","@id":"https:\/\/www.buff.se\/en\/okategoriserad-en\/opening-2024-lars-is-lol-det-har-glommer-jag-aldrig\/","url":"https:\/\/www.buff.se\/en\/okategoriserad-en\/opening-2024-lars-is-lol-det-har-glommer-jag-aldrig\/","name":"Opening 2024: Lars is LOL + Det h\u00e4r gl\u00f6mmer jag aldrig - BUFF Malm\u00f6","isPartOf":{"@id":"https:\/\/makesmefeel.com\/demo\/#website"},"primaryImageOfPage":{"@id":"https:\/\/www.buff.se\/en\/okategoriserad-en\/opening-2024-lars-is-lol-det-har-glommer-jag-aldrig\/#primaryimage"},"image":{"@id":"https:\/\/www.buff.se\/en\/okategoriserad-en\/opening-2024-lars-is-lol-det-har-glommer-jag-aldrig\/#primaryimage"},"thumbnailUrl":"https:\/\/www.buff.se\/wp-content\/uploads\/2024\/01\/BUFF2024_Lars-ar-LOL-2.jpg","datePublished":"2024-02-12T08:18:00+00:00","dateModified":"2024-02-12T08:18:03+00:00","breadcrumb":{"@id":"https:\/\/www.buff.se\/en\/okategoriserad-en\/opening-2024-lars-is-lol-det-har-glommer-jag-aldrig\/#breadcrumb"},"inLanguage":"en-US","potentialAction":[{"@type":"ReadAction","target":["https:\/\/www.buff.se\/en\/okategoriserad-en\/opening-2024-lars-is-lol-det-har-glommer-jag-aldrig\/"]}]},{"@type":"ImageObject","inLanguage":"en-US","@id":"https:\/\/www.buff.se\/en\/okategoriserad-en\/opening-2024-lars-is-lol-det-har-glommer-jag-aldrig\/#primaryimage","url":"https:\/\/www.buff.se\/wp-content\/uploads\/2024\/01\/BUFF2024_Lars-ar-LOL-2.jpg","contentUrl":"https:\/\/www.buff.se\/wp-content\/uploads\/2024\/01\/BUFF2024_Lars-ar-LOL-2.jpg","width":1600,"height":865},{"@type":"BreadcrumbList","@id":"https:\/\/www.buff.se\/en\/okategoriserad-en\/opening-2024-lars-is-lol-det-har-glommer-jag-aldrig\/#breadcrumb","itemListElement":[{"@type":"ListItem","position":1,"name":"Hem","item":"https:\/\/www.buff.se\/en\/"},{"@type":"ListItem","position":2,"name":"Opening 2024: Lars is LOL + Det h\u00e4r gl\u00f6mmer jag aldrig"}]},{"@type":"WebSite","@id":"https:\/\/makesmefeel.com\/demo\/#website","url":"https:\/\/makesmefeel.com\/demo\/","name":"BUFF Malm\u00f6","description":"Barn- och ungdomsfilmfestival","publisher":{"@id":"https:\/\/makesmefeel.com\/demo\/#organization"},"potentialAction":[{"@type":"SearchAction","target":{"@type":"EntryPoint","urlTemplate":"https:\/\/makesmefeel.com\/demo\/?s={search_term_string}"},"query-input":{"@type":"PropertyValueSpecification","valueRequired":true,"valueName":"search_term_string"}}],"inLanguage":"en-US"},{"@type":"Organization","@id":"https:\/\/makesmefeel.com\/demo\/#organization","name":"BUFF Malm\u00f6","url":"https:\/\/makesmefeel.com\/demo\/","logo":{"@type":"ImageObject","inLanguage":"en-US","@id":"https:\/\/makesmefeel.com\/demo\/#\/schema\/logo\/image\/","url":"https:\/\/www.buff.se\/wp-content\/uploads\/2021\/10\/buff-logo.svg","contentUrl":"https:\/\/www.buff.se\/wp-content\/uploads\/2021\/10\/buff-logo.svg","caption":"BUFF Malm\u00f6"},"image":{"@id":"https:\/\/makesmefeel.com\/demo\/#\/schema\/logo\/image\/"},"sameAs":["https:\/\/www.facebook.com\/buff.festival\/","https:\/\/x.com\/BUFF_Malmo","https:\/\/www.instagram.com\/buff_malmo\/"]},{"@type":"Person","@id":"https:\/\/makesmefeel.com\/demo\/#\/schema\/person\/052f80936b7c33fdc3da068c5db68171","name":"BUFF","image":{"@type":"ImageObject","inLanguage":"en-US","@id":"https:\/\/secure.gravatar.com\/avatar\/3321bf87f07638661dea0b000d943abc703693cca05aa15907eb76497a967270?s=96&d=mm&r=g","url":"https:\/\/secure.gravatar.com\/avatar\/3321bf87f07638661dea0b000d943abc703693cca05aa15907eb76497a967270?s=96&d=mm&r=g","contentUrl":"https:\/\/secure.gravatar.com\/avatar\/3321bf87f07638661dea0b000d943abc703693cca05aa15907eb76497a967270?s=96&d=mm&r=g","caption":"BUFF"},"sameAs":["https:\/\/www.buff.se"],"url":"\/#"}]}},"_links":{"self":[{"href":"https:\/\/www.buff.se\/en\/wp-json\/wp\/v2\/posts\/61128","targetHints":{"allow":["GET"]}}],"collection":[{"href":"https:\/\/www.buff.se\/en\/wp-json\/wp\/v2\/posts"}],"about":[{"href":"https:\/\/www.buff.se\/en\/wp-json\/wp\/v2\/types\/post"}],"author":[{"embeddable":true,"href":"https:\/\/www.buff.se\/en\/wp-json\/wp\/v2\/users\/2"}],"replies":[{"embeddable":true,"href":"https:\/\/www.buff.se\/en\/wp-json\/wp\/v2\/comments?post=61128"}],"version-history":[{"count":2,"href":"https:\/\/www.buff.se\/en\/wp-json\/wp\/v2\/posts\/61128\/revisions"}],"predecessor-version":[{"id":61131,"href":"https:\/\/www.buff.se\/en\/wp-json\/wp\/v2\/posts\/61128\/revisions\/61131"}],"wp:featuredmedia":[{"embeddable":true,"href":"https:\/\/www.buff.se\/en\/wp-json\/wp\/v2\/media\/58406"}],"wp:attachment":[{"href":"https:\/\/www.buff.se\/en\/wp-json\/wp\/v2\/media?parent=61128"}],"wp:term":[{"taxonomy":"category","embeddable":true,"href":"https:\/\/www.buff.se\/en\/wp-json\/wp\/v2\/categories?post=61128"},{"taxonomy":"post_tag","embeddable":true,"href":"https:\/\/www.buff.se\/en\/wp-json\/wp\/v2\/tags?post=61128"}],"curies":[{"name":"wp","href":"https:\/\/api.w.org\/{rel}","templated":true}]}}