{"id":60689,"date":"2024-02-07T10:20:21","date_gmt":"2024-02-07T09:20:21","guid":{"rendered":"https:\/\/www.buff.se\/?p=60689"},"modified":"2024-02-07T10:20:21","modified_gmt":"2024-02-07T09:20:21","slug":"competition-best-childrens-film-2024","status":"publish","type":"post","link":"https:\/\/www.buff.se\/en\/buff-2024-2\/competition-best-childrens-film-2024\/","title":{"rendered":"Competition: best children&#8217;s film 2024"},"content":{"rendered":"\n<h3 class=\"wp-block-heading\">The City of Malm\u00f6\u2019s Children\u2019s Film Award&nbsp;<\/h3>\n\n\n\n<p>The City of Malm\u00f6\u2019s Children\u2019s Film Award goes to the filmmaker who, according to the jury, has directed the best children\u2019s film. The winning film must be original and of high quality.&nbsp;<\/p>\n\n\n\n<p><strong>Prize money<\/strong>: 100 000 kr<\/p>\n\n\n\n<p>Winner is presented on the 15\/3.<\/p>\n\n\n\n<div style=\"height:49px\" aria-hidden=\"true\" class=\"wp-block-spacer\"><\/div>\n\n\n\n<h2 class=\"wp-block-heading\">Jury<\/h2>\n\n\n\n<div class=\"wp-block-columns is-layout-flex wp-container-core-columns-is-layout-9d6595d7 wp-block-columns-is-layout-flex\">\n<div class=\"wp-block-column is-layout-flow wp-block-column-is-layout-flow\">\n<figure class=\"wp-block-image size-full\"><img loading=\"lazy\" decoding=\"async\" width=\"430\" height=\"430\" src=\"https:\/\/www.buff.se\/wp-content\/uploads\/2024\/02\/Malmo-Stad_Johan-rosell.jpg\" alt=\"\" class=\"wp-image-60652\" srcset=\"https:\/\/www.buff.se\/wp-content\/uploads\/2024\/02\/Malmo-Stad_Johan-rosell.jpg 430w, https:\/\/www.buff.se\/wp-content\/uploads\/2024\/02\/Malmo-Stad_Johan-rosell-350x350.jpg 350w, https:\/\/www.buff.se\/wp-content\/uploads\/2024\/02\/Malmo-Stad_Johan-rosell-150x150.jpg 150w, https:\/\/www.buff.se\/wp-content\/uploads\/2024\/02\/Malmo-Stad_Johan-rosell-300x300.jpg 300w, https:\/\/www.buff.se\/wp-content\/uploads\/2024\/02\/Malmo-Stad_Johan-rosell-100x100.jpg 100w\" sizes=\"auto, (max-width: 430px) 100vw, 430px\" \/><\/figure>\n\n\n\n<p><strong>Johan Rosell<\/strong><br \/>Scriptwriter and director who directed last year\u2019s opening film at BUFF, Nelly Rapp &#8211; D\u00f6dens spegel.<\/p>\n<\/div>\n\n\n\n<div class=\"wp-block-column is-layout-flow wp-block-column-is-layout-flow\">\n<figure class=\"wp-block-image size-full\"><img loading=\"lazy\" decoding=\"async\" width=\"430\" height=\"431\" src=\"https:\/\/www.buff.se\/wp-content\/uploads\/2024\/02\/Malmo-Stad_Silje-Ostin-Salomonsen.jpg\" alt=\"\" class=\"wp-image-60654\" srcset=\"https:\/\/www.buff.se\/wp-content\/uploads\/2024\/02\/Malmo-Stad_Silje-Ostin-Salomonsen.jpg 430w, https:\/\/www.buff.se\/wp-content\/uploads\/2024\/02\/Malmo-Stad_Silje-Ostin-Salomonsen-350x350.jpg 350w, https:\/\/www.buff.se\/wp-content\/uploads\/2024\/02\/Malmo-Stad_Silje-Ostin-Salomonsen-150x150.jpg 150w, https:\/\/www.buff.se\/wp-content\/uploads\/2024\/02\/Malmo-Stad_Silje-Ostin-Salomonsen-300x301.jpg 300w, https:\/\/www.buff.se\/wp-content\/uploads\/2024\/02\/Malmo-Stad_Silje-Ostin-Salomonsen-100x100.jpg 100w\" sizes=\"auto, (max-width: 430px) 100vw, 430px\" \/><\/figure>\n\n\n\n<p><strong>Silje \u00d8stin Salomonsen<\/strong><br \/>Actor, director and scriptwriter. Debuted with the feature film Tottori \u2013 Sommaren vi blev superhj\u00e4ltar which she made together with her husband and two daughters.<\/p>\n<\/div>\n\n\n\n<div class=\"wp-block-column is-layout-flow wp-block-column-is-layout-flow\">\n<figure class=\"wp-block-image size-full\"><img loading=\"lazy\" decoding=\"async\" width=\"430\" height=\"430\" src=\"https:\/\/www.buff.se\/wp-content\/uploads\/2024\/02\/Malmo-stad_Martin-Persson.jpg\" alt=\"\" class=\"wp-image-60656\" srcset=\"https:\/\/www.buff.se\/wp-content\/uploads\/2024\/02\/Malmo-stad_Martin-Persson.jpg 430w, https:\/\/www.buff.se\/wp-content\/uploads\/2024\/02\/Malmo-stad_Martin-Persson-350x350.jpg 350w, https:\/\/www.buff.se\/wp-content\/uploads\/2024\/02\/Malmo-stad_Martin-Persson-150x150.jpg 150w, https:\/\/www.buff.se\/wp-content\/uploads\/2024\/02\/Malmo-stad_Martin-Persson-300x300.jpg 300w, https:\/\/www.buff.se\/wp-content\/uploads\/2024\/02\/Malmo-stad_Martin-Persson-100x100.jpg 100w\" sizes=\"auto, (max-width: 430px) 100vw, 430px\" \/><\/figure>\n\n\n\n<p><strong>Martin Person<\/strong><br \/>Executive producer at Anagram who has produced feature films and TV-series for 25 years.<\/p>\n<\/div>\n<\/div>\n\n\n\n<div class=\"wp-block-columns is-layout-flex wp-container-core-columns-is-layout-9d6595d7 wp-block-columns-is-layout-flex\">\n<div class=\"wp-block-column is-layout-flow wp-block-column-is-layout-flow\">\n<figure class=\"wp-block-image size-full\"><img loading=\"lazy\" decoding=\"async\" width=\"430\" height=\"430\" src=\"https:\/\/www.buff.se\/wp-content\/uploads\/2024\/02\/Malmo-Stad_Ann-Korling-BUFF-1.jpg\" alt=\"\" class=\"wp-image-60668\" srcset=\"https:\/\/www.buff.se\/wp-content\/uploads\/2024\/02\/Malmo-Stad_Ann-Korling-BUFF-1.jpg 430w, https:\/\/www.buff.se\/wp-content\/uploads\/2024\/02\/Malmo-Stad_Ann-Korling-BUFF-1-350x350.jpg 350w, https:\/\/www.buff.se\/wp-content\/uploads\/2024\/02\/Malmo-Stad_Ann-Korling-BUFF-1-150x150.jpg 150w, https:\/\/www.buff.se\/wp-content\/uploads\/2024\/02\/Malmo-Stad_Ann-Korling-BUFF-1-300x300.jpg 300w, https:\/\/www.buff.se\/wp-content\/uploads\/2024\/02\/Malmo-Stad_Ann-Korling-BUFF-1-100x100.jpg 100w\" sizes=\"auto, (max-width: 430px) 100vw, 430px\" \/><\/figure>\n\n\n\n<p><strong>Ann K\u00f6rling<\/strong><br \/>Ann K\u00f6rling, strategic developer of the film area for the city of Malm\u00f6 at the Cultural Department. Veteran on the jury for the City of Malm\u00f6\u2019s Children\u2019s Film Award.<\/p>\n<\/div>\n\n\n\n<div class=\"wp-block-column is-layout-flow wp-block-column-is-layout-flow\"><\/div>\n\n\n\n<div class=\"wp-block-column is-layout-flow wp-block-column-is-layout-flow\"><\/div>\n<\/div>\n\n\n\n<div style=\"height:49px\" aria-hidden=\"true\" class=\"wp-block-spacer\"><\/div>\n\n\n\n<h2 class=\"wp-block-heading\">Nominerade filmer<\/h2>\n\n\n\n<div class=\"wp-block-columns is-layout-flex wp-container-core-columns-is-layout-9d6595d7 wp-block-columns-is-layout-flex\">\n<div class=\"wp-block-column is-layout-flow wp-block-column-is-layout-flow\">\t\t<a href=\"https:\/\/www.buff.se\/en\/filmer\/the-book-of-everything\/\" \n\tclass=\"catalog-post catalog-item big-catalog-item \" \n\tdata-size=\"medium\">\n\t\t\t<img loading=\"lazy\" decoding=\"async\" width=\"640\" height=\"268\" src=\"https:\/\/www.buff.se\/wp-content\/uploads\/2024\/01\/BUFF2024_Boken-om-allting-2-1024x429.jpg\" class=\"attachment-large size-large wp-post-image\" alt=\"\" srcset=\"https:\/\/www.buff.se\/wp-content\/uploads\/2024\/01\/BUFF2024_Boken-om-allting-2-1024x429.jpg 1024w, https:\/\/www.buff.se\/wp-content\/uploads\/2024\/01\/BUFF2024_Boken-om-allting-2-350x147.jpg 350w, https:\/\/www.buff.se\/wp-content\/uploads\/2024\/01\/BUFF2024_Boken-om-allting-2-768x322.jpg 768w, https:\/\/www.buff.se\/wp-content\/uploads\/2024\/01\/BUFF2024_Boken-om-allting-2-1536x644.jpg 1536w, https:\/\/www.buff.se\/wp-content\/uploads\/2024\/01\/BUFF2024_Boken-om-allting-2-300x126.jpg 300w, https:\/\/www.buff.se\/wp-content\/uploads\/2024\/01\/BUFF2024_Boken-om-allting-2.jpg 2000w\" sizes=\"auto, (max-width: 640px) 100vw, 640px\" \/>\t<div class=\"catalog-post-text\">\n\t\t\t\t\t<h4>Film<\/h4>\n\t\t\t\t\t\t\t<div>\n\t\t\t\t\t\t\t<h5 class=\"catalog-item-title balance-text\">The Book of Everything<\/h5>\n\t\t\t\t\t\t\t\t\t<p class=\"short-desc\">\n\t\t\t\t\t\t\t\t\tNine-year old Thomas has a vivid imagination and is preoccupied with finding happiness for everyone. His Christian father rules that family with an iron fist. God\u2019s word is the law and God is not concerned with the family\u2019s feelings. How can Thomas ensure everyone in the family is happy? Perhaps his father will react to the same plagues that God unleashed on the people of Egypt?\t\t\t\t\t\t\t<\/p>\n\t\t\t<\/div>\n\t\t\t\n<div class=\"doodle arrow-right\">\n    <img decoding=\"async\" class=\"style-svg\" src=\"https:\/\/www.buff.se\/wp-content\/uploads\/2023\/01\/short-arrow-4.svg\" alt=\"\"\/>\n<\/div>\t\t\t<\/div>\n<\/a>\t\t\t<\/div>\n\n\n\n<div class=\"wp-block-column is-layout-flow wp-block-column-is-layout-flow\">\t\t<a href=\"https:\/\/www.buff.se\/en\/filmer\/three-friends\/\" \n\tclass=\"catalog-post catalog-item big-catalog-item \" \n\tdata-size=\"medium\">\n\t\t\t<img loading=\"lazy\" decoding=\"async\" width=\"640\" height=\"360\" src=\"https:\/\/www.buff.se\/wp-content\/uploads\/2024\/01\/BUFF2024_three-friends-2-1024x576.jpg\" class=\"attachment-large size-large wp-post-image\" alt=\"\" srcset=\"https:\/\/www.buff.se\/wp-content\/uploads\/2024\/01\/BUFF2024_three-friends-2-1024x576.jpg 1024w, https:\/\/www.buff.se\/wp-content\/uploads\/2024\/01\/BUFF2024_three-friends-2-350x197.jpg 350w, https:\/\/www.buff.se\/wp-content\/uploads\/2024\/01\/BUFF2024_three-friends-2-768x432.jpg 768w, https:\/\/www.buff.se\/wp-content\/uploads\/2024\/01\/BUFF2024_three-friends-2-1536x864.jpg 1536w, https:\/\/www.buff.se\/wp-content\/uploads\/2024\/01\/BUFF2024_three-friends-2-300x169.jpg 300w, https:\/\/www.buff.se\/wp-content\/uploads\/2024\/01\/BUFF2024_three-friends-2.jpg 1600w\" sizes=\"auto, (max-width: 640px) 100vw, 640px\" \/>\t<div class=\"catalog-post-text\">\n\t\t\t\t\t<h4>Film<\/h4>\n\t\t\t\t\t\t\t<div>\n\t\t\t\t\t\t\t<h5 class=\"catalog-item-title balance-text\">Three Friends<\/h5>\n\t\t\t\t\t\t\t\t\t<p class=\"short-desc\">\n\t\t\t\t\t\t\t\t\tHilal, Ay\u015fe and Mercan are working in the streets. They are harassed by the area boss who demands a share of what they earn. Mercan has a pigeon, Pilates, who always comes back. When they hear about a competition for homing pigeons they decide to enter. But it is easier said than done. An exciting film about adventure and friendship.\t\t\t\t\t\t\t<\/p>\n\t\t\t<\/div>\n\t\t\t\n<div class=\"doodle arrow-right\">\n    <img decoding=\"async\" class=\"style-svg\" src=\"https:\/\/www.buff.se\/wp-content\/uploads\/2023\/01\/short-arrow-1.svg\" alt=\"\"\/>\n<\/div>\t\t\t<\/div>\n<\/a>\t\t\t<\/div>\n<\/div>\n\n\n\n<div class=\"wp-block-columns is-layout-flex wp-container-core-columns-is-layout-9d6595d7 wp-block-columns-is-layout-flex\">\n<div class=\"wp-block-column is-layout-flow wp-block-column-is-layout-flow\">\t\t<a href=\"https:\/\/www.buff.se\/en\/filmer\/jonja\/\" \n\tclass=\"catalog-post catalog-item big-catalog-item \" \n\tdata-size=\"medium\">\n\t\t\t<img loading=\"lazy\" decoding=\"async\" width=\"640\" height=\"360\" src=\"https:\/\/www.buff.se\/wp-content\/uploads\/2024\/01\/BUFF2024_Jonja-11-1024x576.jpg\" class=\"attachment-large size-large wp-post-image\" alt=\"\" srcset=\"https:\/\/www.buff.se\/wp-content\/uploads\/2024\/01\/BUFF2024_Jonja-11-1024x576.jpg 1024w, https:\/\/www.buff.se\/wp-content\/uploads\/2024\/01\/BUFF2024_Jonja-11-350x197.jpg 350w, https:\/\/www.buff.se\/wp-content\/uploads\/2024\/01\/BUFF2024_Jonja-11-768x432.jpg 768w, https:\/\/www.buff.se\/wp-content\/uploads\/2024\/01\/BUFF2024_Jonja-11-1536x864.jpg 1536w, https:\/\/www.buff.se\/wp-content\/uploads\/2024\/01\/BUFF2024_Jonja-11-300x169.jpg 300w, https:\/\/www.buff.se\/wp-content\/uploads\/2024\/01\/BUFF2024_Jonja-11.jpg 1600w\" sizes=\"auto, (max-width: 640px) 100vw, 640px\" \/>\t<div class=\"catalog-post-text\">\n\t\t\t\t\t<h4>Film<\/h4>\n\t\t\t\t\t\t\t<div>\n\t\t\t\t\t\t\t<h5 class=\"catalog-item-title balance-text\">Jonja<\/h5>\n\t\t\t\t\t\t\t\t\t<p class=\"short-desc\">\n\t\t\t\t\t\t\t\t\tJonja joins her friend Paul\u2019s family holiday without asking her mum\u2019s permission. Paul doesn\u2019t know that she hasn\u2019t asked for permission either and their friendship will be put to the test. As if things weren\u2019t complicated enough, Jonja starts having forbidden feelings f\u00f6r Paul\u2019s older brother\u2019s girlfriend. A warm and exciting film about friendship, betrayal and unexpected feelings.\t\t\t\t\t\t\t<\/p>\n\t\t\t<\/div>\n\t\t\t\n<div class=\"doodle arrow-right\">\n    <img decoding=\"async\" class=\"style-svg\" src=\"https:\/\/www.buff.se\/wp-content\/uploads\/2023\/01\/short-arrow-4.svg\" alt=\"\"\/>\n<\/div>\t\t\t<\/div>\n<\/a>\t\t\t<\/div>\n\n\n\n<div class=\"wp-block-column is-layout-flow wp-block-column-is-layout-flow\">\t\t<a href=\"https:\/\/www.buff.se\/en\/filmer\/who-is-who\/\" \n\tclass=\"catalog-post catalog-item big-catalog-item \" \n\tdata-size=\"medium\">\n\t\t\t<img loading=\"lazy\" decoding=\"async\" width=\"640\" height=\"360\" src=\"https:\/\/www.buff.se\/wp-content\/uploads\/2024\/01\/BUFF2024_Vem-ar-vem_-2-1024x576.jpg\" class=\"attachment-large size-large wp-post-image\" alt=\"\" srcset=\"https:\/\/www.buff.se\/wp-content\/uploads\/2024\/01\/BUFF2024_Vem-ar-vem_-2-1024x576.jpg 1024w, https:\/\/www.buff.se\/wp-content\/uploads\/2024\/01\/BUFF2024_Vem-ar-vem_-2-350x197.jpg 350w, https:\/\/www.buff.se\/wp-content\/uploads\/2024\/01\/BUFF2024_Vem-ar-vem_-2-768x432.jpg 768w, https:\/\/www.buff.se\/wp-content\/uploads\/2024\/01\/BUFF2024_Vem-ar-vem_-2-1536x864.jpg 1536w, https:\/\/www.buff.se\/wp-content\/uploads\/2024\/01\/BUFF2024_Vem-ar-vem_-2-300x169.jpg 300w, https:\/\/www.buff.se\/wp-content\/uploads\/2024\/01\/BUFF2024_Vem-ar-vem_-2.jpg 1600w\" sizes=\"auto, (max-width: 640px) 100vw, 640px\" \/>\t<div class=\"catalog-post-text\">\n\t\t\t\t\t<h4>Film<\/h4>\n\t\t\t\t\t\t\t<div>\n\t\t\t\t\t\t\t<h5 class=\"catalog-item-title balance-text\">Who is who?<\/h5>\n\t\t\t\t\t\t\t\t\t<p class=\"short-desc\">\n\t\t\t\t\t\t\t\t\tMeet the beloved Vem characters in a way you\u2019ve never done before \u2013 they are now grown up and mature with hairy armpits and their own mobile phones. Some of them have even got children of their own that get up to fun stuff. A nostalgic reunion and a first meeting with the new Vem characters!\t\t\t\t\t\t\t<\/p>\n\t\t\t<\/div>\n\t\t\t\n<div class=\"doodle arrow-right\">\n    <img decoding=\"async\" class=\"style-svg\" src=\"https:\/\/www.buff.se\/wp-content\/uploads\/2023\/01\/short-arrow-3.svg\" alt=\"\"\/>\n<\/div>\t\t\t<\/div>\n<\/a>\t\t\t<\/div>\n<\/div>\n\n\n\n<div class=\"wp-block-columns is-layout-flex wp-container-core-columns-is-layout-9d6595d7 wp-block-columns-is-layout-flex\">\n<div class=\"wp-block-column is-layout-flow wp-block-column-is-layout-flow\">\t\t<a href=\"https:\/\/www.buff.se\/en\/filmer\/echo-to-delta\/\" \n\tclass=\"catalog-post catalog-item big-catalog-item \" \n\tdata-size=\"medium\">\n\t\t\t<img loading=\"lazy\" decoding=\"async\" width=\"640\" height=\"360\" src=\"https:\/\/www.buff.se\/wp-content\/uploads\/2024\/01\/BUFF2024_Echo-anropar-Delta-3-1024x576.jpg\" class=\"attachment-large size-large wp-post-image\" alt=\"\" srcset=\"https:\/\/www.buff.se\/wp-content\/uploads\/2024\/01\/BUFF2024_Echo-anropar-Delta-3-1024x576.jpg 1024w, https:\/\/www.buff.se\/wp-content\/uploads\/2024\/01\/BUFF2024_Echo-anropar-Delta-3-350x197.jpg 350w, https:\/\/www.buff.se\/wp-content\/uploads\/2024\/01\/BUFF2024_Echo-anropar-Delta-3-768x432.jpg 768w, https:\/\/www.buff.se\/wp-content\/uploads\/2024\/01\/BUFF2024_Echo-anropar-Delta-3-1536x864.jpg 1536w, https:\/\/www.buff.se\/wp-content\/uploads\/2024\/01\/BUFF2024_Echo-anropar-Delta-3-300x169.jpg 300w, https:\/\/www.buff.se\/wp-content\/uploads\/2024\/01\/BUFF2024_Echo-anropar-Delta-3.jpg 1600w\" sizes=\"auto, (max-width: 640px) 100vw, 640px\" \/>\t<div class=\"catalog-post-text\">\n\t\t\t\t\t<h4>Film<\/h4>\n\t\t\t\t\t\t\t<div>\n\t\t\t\t\t\t\t<h5 class=\"catalog-item-title balance-text\">Echo to Delta<\/h5>\n\t\t\t\t\t\t\t\t\t<p class=\"short-desc\">\n\t\t\t\t\t\t\t\t\tThere is such a thing as aliens. Etienne and his younger brother David are totally sure of it. One stormy evening, they climb onto the shed roof with their walkie-talkies looking for radio contact. Then everything happens in a flash: there\u2019s deafening bang and when Etienne wakes up in hospital, David is missing. Has he been abducted, or is he only missing? A captivating film about friendship and grief.\t\t\t\t\t\t\t<\/p>\n\t\t\t<\/div>\n\t\t\t\n<div class=\"doodle arrow-right\">\n    <img decoding=\"async\" class=\"style-svg\" src=\"https:\/\/www.buff.se\/wp-content\/uploads\/2023\/01\/short-arrow-3.svg\" alt=\"\"\/>\n<\/div>\t\t\t<\/div>\n<\/a>\t\t\t<\/div>\n\n\n\n<div class=\"wp-block-column is-layout-flow wp-block-column-is-layout-flow\">\t\t<a href=\"https:\/\/www.buff.se\/en\/filmer\/lars-is-lol\/\" \n\tclass=\"catalog-post catalog-item big-catalog-item \" \n\tdata-size=\"medium\">\n\t\t\t<img loading=\"lazy\" decoding=\"async\" width=\"640\" height=\"346\" src=\"https:\/\/www.buff.se\/wp-content\/uploads\/2024\/01\/BUFF2024_Lars-ar-LOL-2-1024x554.jpg\" class=\"attachment-large size-large wp-post-image\" alt=\"\" srcset=\"https:\/\/www.buff.se\/wp-content\/uploads\/2024\/01\/BUFF2024_Lars-ar-LOL-2-1024x554.jpg 1024w, https:\/\/www.buff.se\/wp-content\/uploads\/2024\/01\/BUFF2024_Lars-ar-LOL-2-350x189.jpg 350w, https:\/\/www.buff.se\/wp-content\/uploads\/2024\/01\/BUFF2024_Lars-ar-LOL-2-768x415.jpg 768w, https:\/\/www.buff.se\/wp-content\/uploads\/2024\/01\/BUFF2024_Lars-ar-LOL-2-1536x830.jpg 1536w, https:\/\/www.buff.se\/wp-content\/uploads\/2024\/01\/BUFF2024_Lars-ar-LOL-2-300x162.jpg 300w, https:\/\/www.buff.se\/wp-content\/uploads\/2024\/01\/BUFF2024_Lars-ar-LOL-2.jpg 1600w\" sizes=\"auto, (max-width: 640px) 100vw, 640px\" \/>\t<div class=\"catalog-post-text\">\n\t\t\t\t\t<h4>Film<\/h4>\n\t\t\t\t\t\t\t<div>\n\t\t\t\t\t\t\t<h5 class=\"catalog-item-title balance-text\">Lars is LOL<\/h5>\n\t\t\t\t\t\t\t\t\t<p class=\"short-desc\">\n\t\t\t\t\t\t\t\t\tAmanda is chosen to be buddy to the new pupil in the class, Lars. Lars has Downs syndrome. She is irresolute but can\u2019t manage to escape the task. When Amanda and Lars are on their own it appears that Lars is a lot of fun to hang out with. But what will the boy in her class with whom she\u2019s in love with think about her being friends with Lars? And the girls who post video clips of Lars on their blog? A film about peer pressure, bullying, friendship and fitting in.\t\t\t\t\t\t\t<\/p>\n\t\t\t<\/div>\n\t\t\t\n<div class=\"doodle arrow-right\">\n    <img decoding=\"async\" class=\"style-svg\" src=\"https:\/\/www.buff.se\/wp-content\/uploads\/2023\/01\/short-arrow-4.svg\" alt=\"\"\/>\n<\/div>\t\t\t<\/div>\n<\/a>\t\t\t<\/div>\n<\/div>\n\n\n\n<div class=\"wp-block-columns is-layout-flex wp-container-core-columns-is-layout-9d6595d7 wp-block-columns-is-layout-flex\">\n<div class=\"wp-block-column is-layout-flow wp-block-column-is-layout-flow\">\t\t<a href=\"https:\/\/www.buff.se\/en\/filmer\/nina-and-the-hedgehogs-secret\/\" \n\tclass=\"catalog-post catalog-item big-catalog-item \" \n\tdata-size=\"medium\">\n\t\t\t<img loading=\"lazy\" decoding=\"async\" width=\"640\" height=\"346\" src=\"https:\/\/www.buff.se\/wp-content\/uploads\/2024\/01\/BUFF2024_Nina-och-igelkottens-hemlighet-3-1024x554.jpg\" class=\"attachment-large size-large wp-post-image\" alt=\"\" srcset=\"https:\/\/www.buff.se\/wp-content\/uploads\/2024\/01\/BUFF2024_Nina-och-igelkottens-hemlighet-3-1024x554.jpg 1024w, https:\/\/www.buff.se\/wp-content\/uploads\/2024\/01\/BUFF2024_Nina-och-igelkottens-hemlighet-3-350x189.jpg 350w, https:\/\/www.buff.se\/wp-content\/uploads\/2024\/01\/BUFF2024_Nina-och-igelkottens-hemlighet-3-768x415.jpg 768w, https:\/\/www.buff.se\/wp-content\/uploads\/2024\/01\/BUFF2024_Nina-och-igelkottens-hemlighet-3-300x162.jpg 300w, https:\/\/www.buff.se\/wp-content\/uploads\/2024\/01\/BUFF2024_Nina-och-igelkottens-hemlighet-3.jpg 1500w\" sizes=\"auto, (max-width: 640px) 100vw, 640px\" \/>\t<div class=\"catalog-post-text\">\n\t\t\t\t\t<h4>Film<\/h4>\n\t\t\t\t\t\t\t<div>\n\t\t\t\t\t\t\t<h5 class=\"catalog-item-title balance-text\">Nina and the Hedgehog&#8217;s Secret<\/h5>\n\t\t\t\t\t\t\t\t\t<p class=\"short-desc\">\n\t\t\t\t\t\t\t\t\tWhen the factory where her father works is forced to close, ten-year-old Nina\u2019s world is turned upside down. There\u2019s a rumour going around that the foreman has hidden all the money and his henchman guards over the place day and night. With her friend, Mehdi, Nina decided to take matters into her own hands and find the stolen goods. Maybe they can save the factory? A gripping and exciting adventure with serious undertones.\t\t\t\t\t\t\t<\/p>\n\t\t\t<\/div>\n\t\t\t\n<div class=\"doodle arrow-right\">\n    <img decoding=\"async\" class=\"style-svg\" src=\"https:\/\/www.buff.se\/wp-content\/uploads\/2023\/01\/short-arrow-2.svg\" alt=\"\"\/>\n<\/div>\t\t\t<\/div>\n<\/a>\t\t\t<\/div>\n\n\n\n<div class=\"wp-block-column is-layout-flow wp-block-column-is-layout-flow\">\t\t<a href=\"https:\/\/www.buff.se\/en\/filmer\/clenched-fist\/\" \n\tclass=\"catalog-post catalog-item big-catalog-item \" \n\tdata-size=\"medium\">\n\t\t\t<img loading=\"lazy\" decoding=\"async\" width=\"640\" height=\"360\" src=\"https:\/\/www.buff.se\/wp-content\/uploads\/2024\/01\/BUFF2024_clenched-fist-2-1024x576.jpeg\" class=\"attachment-large size-large wp-post-image\" alt=\"\" srcset=\"https:\/\/www.buff.se\/wp-content\/uploads\/2024\/01\/BUFF2024_clenched-fist-2-1024x576.jpeg 1024w, https:\/\/www.buff.se\/wp-content\/uploads\/2024\/01\/BUFF2024_clenched-fist-2-350x197.jpeg 350w, https:\/\/www.buff.se\/wp-content\/uploads\/2024\/01\/BUFF2024_clenched-fist-2-768x432.jpeg 768w, https:\/\/www.buff.se\/wp-content\/uploads\/2024\/01\/BUFF2024_clenched-fist-2-1536x864.jpeg 1536w, https:\/\/www.buff.se\/wp-content\/uploads\/2024\/01\/BUFF2024_clenched-fist-2-300x169.jpeg 300w, https:\/\/www.buff.se\/wp-content\/uploads\/2024\/01\/BUFF2024_clenched-fist-2.jpeg 1600w\" sizes=\"auto, (max-width: 640px) 100vw, 640px\" \/>\t<div class=\"catalog-post-text\">\n\t\t\t\t\t<h4>Film<\/h4>\n\t\t\t\t\t\t\t<div>\n\t\t\t\t\t\t\t<h5 class=\"catalog-item-title balance-text\">Clenched Fist<\/h5>\n\t\t\t\t\t\t\t\t\t<p class=\"short-desc\">\n\t\t\t\t\t\t\t\t\tLucien lives with his mother in a little village in the Ardennes. They live a cautious life characterised by secrecy. The boys aren\u2019t allowed mobile phones or tell anyone about the family\u2019s past. The reason is Lucien\u2019s father, known as The Monster. He\u2019s in jail. When Lucien starts to approach him the family\u2019s quiet life in the village is put on the line. An exciting film about guilt, forgiveness and sticking together.\t\t\t\t\t\t\t<\/p>\n\t\t\t<\/div>\n\t\t\t\n<div class=\"doodle arrow-right\">\n    <img decoding=\"async\" class=\"style-svg\" src=\"https:\/\/www.buff.se\/wp-content\/uploads\/2023\/01\/short-arrow-3.svg\" alt=\"\"\/>\n<\/div>\t\t\t<\/div>\n<\/a>\t\t\t<\/div>\n<\/div>\n\n\n\n<div style=\"height:41px\" aria-hidden=\"true\" class=\"wp-block-spacer\"><\/div>\n","protected":false},"excerpt":{"rendered":"<p>The City of Malm\u00f6\u2019s Children\u2019s Film Award&nbsp; The City of Malm\u00f6\u2019s Children\u2019s Film Award goes to the filmmaker who, according to the jury, has directed the best children\u2019s film. The winning film must be original and of high quality.&nbsp; Prize money: 100 000 kr Winner is presented on the 15\/3. Jury Johan RosellScriptwriter and director [&hellip;]<\/p>\n","protected":false},"author":2,"featured_media":58442,"comment_status":"closed","ping_status":"open","sticky":false,"template":"","format":"standard","meta":{"_acf_changed":false,"inline_featured_image":false,"footnotes":""},"categories":[1311],"tags":[],"class_list":["post-60689","post","type-post","status-publish","format-standard","has-post-thumbnail","hentry","category-buff-2024-2"],"acf":[],"yoast_head":"<!-- This site is optimized with the Yoast SEO plugin v27.2 - https:\/\/yoast.com\/product\/yoast-seo-wordpress\/ -->\n<title>Competition: best children&#039;s film 2024 - BUFF Malm\u00f6<\/title>\n<meta name=\"robots\" content=\"index, follow, max-snippet:-1, max-image-preview:large, max-video-preview:-1\" \/>\n<link rel=\"canonical\" href=\"https:\/\/www.buff.se\/en\/buff-2024-2\/competition-best-childrens-film-2024\/\" \/>\n<meta property=\"og:locale\" content=\"en_US\" \/>\n<meta property=\"og:type\" content=\"article\" \/>\n<meta property=\"og:title\" content=\"Competition: best children&#039;s film 2024 - BUFF Malm\u00f6\" \/>\n<meta property=\"og:description\" content=\"The City of Malm\u00f6\u2019s Children\u2019s Film Award&nbsp; The City of Malm\u00f6\u2019s Children\u2019s Film Award goes to the filmmaker who, according to the jury, has directed the best children\u2019s film. The winning film must be original and of high quality.&nbsp; Prize money: 100 000 kr Winner is presented on the 15\/3. Jury Johan RosellScriptwriter and director [&hellip;]\" \/>\n<meta property=\"og:url\" content=\"https:\/\/www.buff.se\/en\/buff-2024-2\/competition-best-childrens-film-2024\/\" \/>\n<meta property=\"og:site_name\" content=\"BUFF Malm\u00f6\" \/>\n<meta property=\"article:publisher\" content=\"https:\/\/www.facebook.com\/buff.festival\/\" \/>\n<meta property=\"article:published_time\" content=\"2024-02-07T09:20:21+00:00\" \/>\n<meta property=\"og:image\" content=\"https:\/\/www.buff.se\/wp-content\/uploads\/2024\/01\/BUFF2024_three-friends-2.jpg\" \/>\n\t<meta property=\"og:image:width\" content=\"1600\" \/>\n\t<meta property=\"og:image:height\" content=\"900\" \/>\n\t<meta property=\"og:image:type\" content=\"image\/jpeg\" \/>\n<meta name=\"author\" content=\"BUFF\" \/>\n<meta name=\"twitter:card\" content=\"summary_large_image\" \/>\n<meta name=\"twitter:creator\" content=\"@BUFF_Malmo\" \/>\n<meta name=\"twitter:site\" content=\"@BUFF_Malmo\" \/>\n<meta name=\"twitter:label1\" content=\"Written by\" \/>\n\t<meta name=\"twitter:data1\" content=\"BUFF\" \/>\n\t<meta name=\"twitter:label2\" content=\"Est. reading time\" \/>\n\t<meta name=\"twitter:data2\" content=\"2 minutes\" \/>\n<script type=\"application\/ld+json\" class=\"yoast-schema-graph\">{\"@context\":\"https:\/\/schema.org\",\"@graph\":[{\"@type\":\"Article\",\"@id\":\"https:\/\/www.buff.se\/en\/buff-2024-2\/competition-best-childrens-film-2024\/#article\",\"isPartOf\":{\"@id\":\"https:\/\/www.buff.se\/en\/buff-2024-2\/competition-best-childrens-film-2024\/\"},\"author\":{\"name\":\"BUFF\",\"@id\":\"https:\/\/makesmefeel.com\/demo\/#\/schema\/person\/052f80936b7c33fdc3da068c5db68171\"},\"headline\":\"Competition: best children&#8217;s film 2024\",\"datePublished\":\"2024-02-07T09:20:21+00:00\",\"mainEntityOfPage\":{\"@id\":\"https:\/\/www.buff.se\/en\/buff-2024-2\/competition-best-childrens-film-2024\/\"},\"wordCount\":160,\"publisher\":{\"@id\":\"https:\/\/makesmefeel.com\/demo\/#organization\"},\"image\":{\"@id\":\"https:\/\/www.buff.se\/en\/buff-2024-2\/competition-best-childrens-film-2024\/#primaryimage\"},\"thumbnailUrl\":\"https:\/\/www.buff.se\/wp-content\/uploads\/2024\/01\/BUFF2024_three-friends-2.jpg\",\"articleSection\":[\"BUFF 2024\"],\"inLanguage\":\"en-US\"},{\"@type\":\"WebPage\",\"@id\":\"https:\/\/www.buff.se\/en\/buff-2024-2\/competition-best-childrens-film-2024\/\",\"url\":\"https:\/\/www.buff.se\/en\/buff-2024-2\/competition-best-childrens-film-2024\/\",\"name\":\"Competition: best children's film 2024 - BUFF Malm\u00f6\",\"isPartOf\":{\"@id\":\"https:\/\/makesmefeel.com\/demo\/#website\"},\"primaryImageOfPage\":{\"@id\":\"https:\/\/www.buff.se\/en\/buff-2024-2\/competition-best-childrens-film-2024\/#primaryimage\"},\"image\":{\"@id\":\"https:\/\/www.buff.se\/en\/buff-2024-2\/competition-best-childrens-film-2024\/#primaryimage\"},\"thumbnailUrl\":\"https:\/\/www.buff.se\/wp-content\/uploads\/2024\/01\/BUFF2024_three-friends-2.jpg\",\"datePublished\":\"2024-02-07T09:20:21+00:00\",\"breadcrumb\":{\"@id\":\"https:\/\/www.buff.se\/en\/buff-2024-2\/competition-best-childrens-film-2024\/#breadcrumb\"},\"inLanguage\":\"en-US\",\"potentialAction\":[{\"@type\":\"ReadAction\",\"target\":[\"https:\/\/www.buff.se\/en\/buff-2024-2\/competition-best-childrens-film-2024\/\"]}]},{\"@type\":\"ImageObject\",\"inLanguage\":\"en-US\",\"@id\":\"https:\/\/www.buff.se\/en\/buff-2024-2\/competition-best-childrens-film-2024\/#primaryimage\",\"url\":\"https:\/\/www.buff.se\/wp-content\/uploads\/2024\/01\/BUFF2024_three-friends-2.jpg\",\"contentUrl\":\"https:\/\/www.buff.se\/wp-content\/uploads\/2024\/01\/BUFF2024_three-friends-2.jpg\",\"width\":1600,\"height\":900},{\"@type\":\"BreadcrumbList\",\"@id\":\"https:\/\/www.buff.se\/en\/buff-2024-2\/competition-best-childrens-film-2024\/#breadcrumb\",\"itemListElement\":[{\"@type\":\"ListItem\",\"position\":1,\"name\":\"Hem\",\"item\":\"https:\/\/www.buff.se\/en\/\"},{\"@type\":\"ListItem\",\"position\":2,\"name\":\"Competition: best children&#8217;s film 2024\"}]},{\"@type\":\"WebSite\",\"@id\":\"https:\/\/makesmefeel.com\/demo\/#website\",\"url\":\"https:\/\/makesmefeel.com\/demo\/\",\"name\":\"BUFF Malm\u00f6\",\"description\":\"Barn- och ungdomsfilmfestival\",\"publisher\":{\"@id\":\"https:\/\/makesmefeel.com\/demo\/#organization\"},\"potentialAction\":[{\"@type\":\"SearchAction\",\"target\":{\"@type\":\"EntryPoint\",\"urlTemplate\":\"https:\/\/makesmefeel.com\/demo\/?s={search_term_string}\"},\"query-input\":{\"@type\":\"PropertyValueSpecification\",\"valueRequired\":true,\"valueName\":\"search_term_string\"}}],\"inLanguage\":\"en-US\"},{\"@type\":\"Organization\",\"@id\":\"https:\/\/makesmefeel.com\/demo\/#organization\",\"name\":\"BUFF Malm\u00f6\",\"url\":\"https:\/\/makesmefeel.com\/demo\/\",\"logo\":{\"@type\":\"ImageObject\",\"inLanguage\":\"en-US\",\"@id\":\"https:\/\/makesmefeel.com\/demo\/#\/schema\/logo\/image\/\",\"url\":\"https:\/\/www.buff.se\/wp-content\/uploads\/2021\/10\/buff-logo.svg\",\"contentUrl\":\"https:\/\/www.buff.se\/wp-content\/uploads\/2021\/10\/buff-logo.svg\",\"caption\":\"BUFF Malm\u00f6\"},\"image\":{\"@id\":\"https:\/\/makesmefeel.com\/demo\/#\/schema\/logo\/image\/\"},\"sameAs\":[\"https:\/\/www.facebook.com\/buff.festival\/\",\"https:\/\/x.com\/BUFF_Malmo\",\"https:\/\/www.instagram.com\/buff_malmo\/\"]},{\"@type\":\"Person\",\"@id\":\"https:\/\/makesmefeel.com\/demo\/#\/schema\/person\/052f80936b7c33fdc3da068c5db68171\",\"name\":\"BUFF\",\"image\":{\"@type\":\"ImageObject\",\"inLanguage\":\"en-US\",\"@id\":\"https:\/\/secure.gravatar.com\/avatar\/3321bf87f07638661dea0b000d943abc703693cca05aa15907eb76497a967270?s=96&d=mm&r=g\",\"url\":\"https:\/\/secure.gravatar.com\/avatar\/3321bf87f07638661dea0b000d943abc703693cca05aa15907eb76497a967270?s=96&d=mm&r=g\",\"contentUrl\":\"https:\/\/secure.gravatar.com\/avatar\/3321bf87f07638661dea0b000d943abc703693cca05aa15907eb76497a967270?s=96&d=mm&r=g\",\"caption\":\"BUFF\"},\"sameAs\":[\"https:\/\/www.buff.se\"],\"url\":\"\/#\"}]}<\/script>\n<!-- \/ Yoast SEO plugin. -->","yoast_head_json":{"title":"Competition: best children's film 2024 - BUFF Malm\u00f6","robots":{"index":"index","follow":"follow","max-snippet":"max-snippet:-1","max-image-preview":"max-image-preview:large","max-video-preview":"max-video-preview:-1"},"canonical":"https:\/\/www.buff.se\/en\/buff-2024-2\/competition-best-childrens-film-2024\/","og_locale":"en_US","og_type":"article","og_title":"Competition: best children's film 2024 - BUFF Malm\u00f6","og_description":"The City of Malm\u00f6\u2019s Children\u2019s Film Award&nbsp; The City of Malm\u00f6\u2019s Children\u2019s Film Award goes to the filmmaker who, according to the jury, has directed the best children\u2019s film. The winning film must be original and of high quality.&nbsp; Prize money: 100 000 kr Winner is presented on the 15\/3. Jury Johan RosellScriptwriter and director [&hellip;]","og_url":"https:\/\/www.buff.se\/en\/buff-2024-2\/competition-best-childrens-film-2024\/","og_site_name":"BUFF Malm\u00f6","article_publisher":"https:\/\/www.facebook.com\/buff.festival\/","article_published_time":"2024-02-07T09:20:21+00:00","og_image":[{"width":1600,"height":900,"url":"https:\/\/www.buff.se\/wp-content\/uploads\/2024\/01\/BUFF2024_three-friends-2.jpg","type":"image\/jpeg"}],"author":"BUFF","twitter_card":"summary_large_image","twitter_creator":"@BUFF_Malmo","twitter_site":"@BUFF_Malmo","twitter_misc":{"Written by":"BUFF","Est. reading time":"2 minutes"},"schema":{"@context":"https:\/\/schema.org","@graph":[{"@type":"Article","@id":"https:\/\/www.buff.se\/en\/buff-2024-2\/competition-best-childrens-film-2024\/#article","isPartOf":{"@id":"https:\/\/www.buff.se\/en\/buff-2024-2\/competition-best-childrens-film-2024\/"},"author":{"name":"BUFF","@id":"https:\/\/makesmefeel.com\/demo\/#\/schema\/person\/052f80936b7c33fdc3da068c5db68171"},"headline":"Competition: best children&#8217;s film 2024","datePublished":"2024-02-07T09:20:21+00:00","mainEntityOfPage":{"@id":"https:\/\/www.buff.se\/en\/buff-2024-2\/competition-best-childrens-film-2024\/"},"wordCount":160,"publisher":{"@id":"https:\/\/makesmefeel.com\/demo\/#organization"},"image":{"@id":"https:\/\/www.buff.se\/en\/buff-2024-2\/competition-best-childrens-film-2024\/#primaryimage"},"thumbnailUrl":"https:\/\/www.buff.se\/wp-content\/uploads\/2024\/01\/BUFF2024_three-friends-2.jpg","articleSection":["BUFF 2024"],"inLanguage":"en-US"},{"@type":"WebPage","@id":"https:\/\/www.buff.se\/en\/buff-2024-2\/competition-best-childrens-film-2024\/","url":"https:\/\/www.buff.se\/en\/buff-2024-2\/competition-best-childrens-film-2024\/","name":"Competition: best children's film 2024 - BUFF Malm\u00f6","isPartOf":{"@id":"https:\/\/makesmefeel.com\/demo\/#website"},"primaryImageOfPage":{"@id":"https:\/\/www.buff.se\/en\/buff-2024-2\/competition-best-childrens-film-2024\/#primaryimage"},"image":{"@id":"https:\/\/www.buff.se\/en\/buff-2024-2\/competition-best-childrens-film-2024\/#primaryimage"},"thumbnailUrl":"https:\/\/www.buff.se\/wp-content\/uploads\/2024\/01\/BUFF2024_three-friends-2.jpg","datePublished":"2024-02-07T09:20:21+00:00","breadcrumb":{"@id":"https:\/\/www.buff.se\/en\/buff-2024-2\/competition-best-childrens-film-2024\/#breadcrumb"},"inLanguage":"en-US","potentialAction":[{"@type":"ReadAction","target":["https:\/\/www.buff.se\/en\/buff-2024-2\/competition-best-childrens-film-2024\/"]}]},{"@type":"ImageObject","inLanguage":"en-US","@id":"https:\/\/www.buff.se\/en\/buff-2024-2\/competition-best-childrens-film-2024\/#primaryimage","url":"https:\/\/www.buff.se\/wp-content\/uploads\/2024\/01\/BUFF2024_three-friends-2.jpg","contentUrl":"https:\/\/www.buff.se\/wp-content\/uploads\/2024\/01\/BUFF2024_three-friends-2.jpg","width":1600,"height":900},{"@type":"BreadcrumbList","@id":"https:\/\/www.buff.se\/en\/buff-2024-2\/competition-best-childrens-film-2024\/#breadcrumb","itemListElement":[{"@type":"ListItem","position":1,"name":"Hem","item":"https:\/\/www.buff.se\/en\/"},{"@type":"ListItem","position":2,"name":"Competition: best children&#8217;s film 2024"}]},{"@type":"WebSite","@id":"https:\/\/makesmefeel.com\/demo\/#website","url":"https:\/\/makesmefeel.com\/demo\/","name":"BUFF Malm\u00f6","description":"Barn- och ungdomsfilmfestival","publisher":{"@id":"https:\/\/makesmefeel.com\/demo\/#organization"},"potentialAction":[{"@type":"SearchAction","target":{"@type":"EntryPoint","urlTemplate":"https:\/\/makesmefeel.com\/demo\/?s={search_term_string}"},"query-input":{"@type":"PropertyValueSpecification","valueRequired":true,"valueName":"search_term_string"}}],"inLanguage":"en-US"},{"@type":"Organization","@id":"https:\/\/makesmefeel.com\/demo\/#organization","name":"BUFF Malm\u00f6","url":"https:\/\/makesmefeel.com\/demo\/","logo":{"@type":"ImageObject","inLanguage":"en-US","@id":"https:\/\/makesmefeel.com\/demo\/#\/schema\/logo\/image\/","url":"https:\/\/www.buff.se\/wp-content\/uploads\/2021\/10\/buff-logo.svg","contentUrl":"https:\/\/www.buff.se\/wp-content\/uploads\/2021\/10\/buff-logo.svg","caption":"BUFF Malm\u00f6"},"image":{"@id":"https:\/\/makesmefeel.com\/demo\/#\/schema\/logo\/image\/"},"sameAs":["https:\/\/www.facebook.com\/buff.festival\/","https:\/\/x.com\/BUFF_Malmo","https:\/\/www.instagram.com\/buff_malmo\/"]},{"@type":"Person","@id":"https:\/\/makesmefeel.com\/demo\/#\/schema\/person\/052f80936b7c33fdc3da068c5db68171","name":"BUFF","image":{"@type":"ImageObject","inLanguage":"en-US","@id":"https:\/\/secure.gravatar.com\/avatar\/3321bf87f07638661dea0b000d943abc703693cca05aa15907eb76497a967270?s=96&d=mm&r=g","url":"https:\/\/secure.gravatar.com\/avatar\/3321bf87f07638661dea0b000d943abc703693cca05aa15907eb76497a967270?s=96&d=mm&r=g","contentUrl":"https:\/\/secure.gravatar.com\/avatar\/3321bf87f07638661dea0b000d943abc703693cca05aa15907eb76497a967270?s=96&d=mm&r=g","caption":"BUFF"},"sameAs":["https:\/\/www.buff.se"],"url":"\/#"}]}},"_links":{"self":[{"href":"https:\/\/www.buff.se\/en\/wp-json\/wp\/v2\/posts\/60689","targetHints":{"allow":["GET"]}}],"collection":[{"href":"https:\/\/www.buff.se\/en\/wp-json\/wp\/v2\/posts"}],"about":[{"href":"https:\/\/www.buff.se\/en\/wp-json\/wp\/v2\/types\/post"}],"author":[{"embeddable":true,"href":"https:\/\/www.buff.se\/en\/wp-json\/wp\/v2\/users\/2"}],"replies":[{"embeddable":true,"href":"https:\/\/www.buff.se\/en\/wp-json\/wp\/v2\/comments?post=60689"}],"version-history":[{"count":4,"href":"https:\/\/www.buff.se\/en\/wp-json\/wp\/v2\/posts\/60689\/revisions"}],"predecessor-version":[{"id":60780,"href":"https:\/\/www.buff.se\/en\/wp-json\/wp\/v2\/posts\/60689\/revisions\/60780"}],"wp:featuredmedia":[{"embeddable":true,"href":"https:\/\/www.buff.se\/en\/wp-json\/wp\/v2\/media\/58442"}],"wp:attachment":[{"href":"https:\/\/www.buff.se\/en\/wp-json\/wp\/v2\/media?parent=60689"}],"wp:term":[{"taxonomy":"category","embeddable":true,"href":"https:\/\/www.buff.se\/en\/wp-json\/wp\/v2\/categories?post=60689"},{"taxonomy":"post_tag","embeddable":true,"href":"https:\/\/www.buff.se\/en\/wp-json\/wp\/v2\/tags?post=60689"}],"curies":[{"name":"wp","href":"https:\/\/api.w.org\/{rel}","templated":true}]}}