{"id":60674,"date":"2024-02-07T10:19:59","date_gmt":"2024-02-07T09:19:59","guid":{"rendered":"https:\/\/www.buff.se\/?p=60674"},"modified":"2024-02-07T10:19:59","modified_gmt":"2024-02-07T09:19:59","slug":"competition-best-short-film-2024","status":"publish","type":"post","link":"https:\/\/www.buff.se\/en\/buff-2024-2\/competition-best-short-film-2024\/","title":{"rendered":"Competition: best short film 2024"},"content":{"rendered":"\n<p><strong>The Region Sk\u00e5ne Short Film Award<\/strong><\/p>\n\n\n\n<p>Region Sk\u00e5ne\u2019s Cultural Board established the award with the purpose of raising the status and importance of short film within the children and youth film genre. The award is given to the filmmaker who made the festival\u2019s best short film. Quality and innovation are important criteria when selecting the recipient.<\/p>\n\n\n\n<p>Prize money: 100 000 Swedish kronor.<\/p>\n\n\n\n<p>The winner is presented 15\/3. <\/p>\n\n\n\n<div style=\"height:49px\" aria-hidden=\"true\" class=\"wp-block-spacer\"><\/div>\n\n\n\n<h2 class=\"wp-block-heading\">Jury<\/h2>\n\n\n\n<div class=\"wp-block-columns is-layout-flex wp-container-core-columns-is-layout-9d6595d7 wp-block-columns-is-layout-flex\">\n<div class=\"wp-block-column is-layout-flow wp-block-column-is-layout-flow\">\n<figure class=\"wp-block-image size-full\"><img loading=\"lazy\" decoding=\"async\" width=\"430\" height=\"430\" src=\"https:\/\/www.buff.se\/wp-content\/uploads\/2024\/02\/Region-Skane_Mans-Billing.jpg\" alt=\"\" class=\"wp-image-60599\" srcset=\"https:\/\/www.buff.se\/wp-content\/uploads\/2024\/02\/Region-Skane_Mans-Billing.jpg 430w, https:\/\/www.buff.se\/wp-content\/uploads\/2024\/02\/Region-Skane_Mans-Billing-350x350.jpg 350w, https:\/\/www.buff.se\/wp-content\/uploads\/2024\/02\/Region-Skane_Mans-Billing-150x150.jpg 150w, https:\/\/www.buff.se\/wp-content\/uploads\/2024\/02\/Region-Skane_Mans-Billing-300x300.jpg 300w, https:\/\/www.buff.se\/wp-content\/uploads\/2024\/02\/Region-Skane_Mans-Billing-100x100.jpg 100w\" sizes=\"auto, (max-width: 430px) 100vw, 430px\" \/><\/figure>\n\n\n\n<p><strong>M\u00e5ns Billing<\/strong><\/p>\n\n\n\n<p>Talent developer at Game Habitat in Malm\u00f6. He has a background as a games designer and is particularly interested in storytelling in all its various forms and guises.<\/p>\n<\/div>\n\n\n\n<div class=\"wp-block-column is-layout-flow wp-block-column-is-layout-flow\">\n<figure class=\"wp-block-image size-full\"><img loading=\"lazy\" decoding=\"async\" width=\"430\" height=\"430\" src=\"https:\/\/www.buff.se\/wp-content\/uploads\/2024\/02\/Region-Skane_stina-wirsen.jpg\" alt=\"\" class=\"wp-image-60601\" srcset=\"https:\/\/www.buff.se\/wp-content\/uploads\/2024\/02\/Region-Skane_stina-wirsen.jpg 430w, https:\/\/www.buff.se\/wp-content\/uploads\/2024\/02\/Region-Skane_stina-wirsen-350x350.jpg 350w, https:\/\/www.buff.se\/wp-content\/uploads\/2024\/02\/Region-Skane_stina-wirsen-150x150.jpg 150w, https:\/\/www.buff.se\/wp-content\/uploads\/2024\/02\/Region-Skane_stina-wirsen-300x300.jpg 300w, https:\/\/www.buff.se\/wp-content\/uploads\/2024\/02\/Region-Skane_stina-wirsen-100x100.jpg 100w\" sizes=\"auto, (max-width: 430px) 100vw, 430px\" \/><\/figure>\n\n\n\n<p><strong>Stina Wirs\u00e9n<\/strong><\/p>\n\n\n\n<p>Illustrator, scriptwriter, director and artist who recently created the short film \u201dHistorien om Bodri\u201d, based on H\u00e9di Fried\u2019s experiences during the Holocaust. Her film <em>Vem \u00e4r vem?<\/em>, based on her children\u2019s books, premieres at BUFF 2024. <\/p>\n<\/div>\n\n\n\n<div class=\"wp-block-column is-layout-flow wp-block-column-is-layout-flow\">\n<figure class=\"wp-block-image size-full\"><img loading=\"lazy\" decoding=\"async\" width=\"430\" height=\"430\" src=\"https:\/\/www.buff.se\/wp-content\/uploads\/2024\/02\/Region-Skane_Max-Tellving-1.jpg\" alt=\"\" class=\"wp-image-60621\" srcset=\"https:\/\/www.buff.se\/wp-content\/uploads\/2024\/02\/Region-Skane_Max-Tellving-1.jpg 430w, https:\/\/www.buff.se\/wp-content\/uploads\/2024\/02\/Region-Skane_Max-Tellving-1-350x350.jpg 350w, https:\/\/www.buff.se\/wp-content\/uploads\/2024\/02\/Region-Skane_Max-Tellving-1-150x150.jpg 150w, https:\/\/www.buff.se\/wp-content\/uploads\/2024\/02\/Region-Skane_Max-Tellving-1-300x300.jpg 300w, https:\/\/www.buff.se\/wp-content\/uploads\/2024\/02\/Region-Skane_Max-Tellving-1-100x100.jpg 100w\" sizes=\"auto, (max-width: 430px) 100vw, 430px\" \/><\/figure>\n\n\n\n<p><strong>Max Tellving<\/strong><\/p>\n\n\n\n<p>Director, scriptwriter and producer at SVT. Recently created the drama series <em>Hack my heart<\/em> with Frank Dorsin as the lead actor.<\/p>\n<\/div>\n<\/div>\n\n\n\n<div class=\"wp-block-columns is-layout-flex wp-container-core-columns-is-layout-9d6595d7 wp-block-columns-is-layout-flex\">\n<div class=\"wp-block-column is-layout-flow wp-block-column-is-layout-flow\">\n<figure class=\"wp-block-image size-full\"><img loading=\"lazy\" decoding=\"async\" width=\"430\" height=\"430\" src=\"https:\/\/www.buff.se\/wp-content\/uploads\/2024\/02\/Region-Skane_Fredrik-Sjogren_kortfilmspris.jpg\" alt=\"\" class=\"wp-image-60605\" srcset=\"https:\/\/www.buff.se\/wp-content\/uploads\/2024\/02\/Region-Skane_Fredrik-Sjogren_kortfilmspris.jpg 430w, https:\/\/www.buff.se\/wp-content\/uploads\/2024\/02\/Region-Skane_Fredrik-Sjogren_kortfilmspris-350x350.jpg 350w, https:\/\/www.buff.se\/wp-content\/uploads\/2024\/02\/Region-Skane_Fredrik-Sjogren_kortfilmspris-150x150.jpg 150w, https:\/\/www.buff.se\/wp-content\/uploads\/2024\/02\/Region-Skane_Fredrik-Sjogren_kortfilmspris-300x300.jpg 300w, https:\/\/www.buff.se\/wp-content\/uploads\/2024\/02\/Region-Skane_Fredrik-Sjogren_kortfilmspris-100x100.jpg 100w\" sizes=\"auto, (max-width: 430px) 100vw, 430px\" \/><\/figure>\n\n\n\n<p><strong>Fredrik Sj\u00f6gren<\/strong><\/p>\n\n\n\n<p>President of Region Sk\u00e5ne\u2019s Culture Committee.<\/p>\n<\/div>\n\n\n\n<div class=\"wp-block-column is-layout-flow wp-block-column-is-layout-flow\">\n<figure class=\"wp-block-image size-full\"><img loading=\"lazy\" decoding=\"async\" width=\"430\" height=\"430\" src=\"https:\/\/www.buff.se\/wp-content\/uploads\/2024\/02\/Region-Skane_Rebecca-Padar.jpg\" alt=\"\" class=\"wp-image-60607\" srcset=\"https:\/\/www.buff.se\/wp-content\/uploads\/2024\/02\/Region-Skane_Rebecca-Padar.jpg 430w, https:\/\/www.buff.se\/wp-content\/uploads\/2024\/02\/Region-Skane_Rebecca-Padar-350x350.jpg 350w, https:\/\/www.buff.se\/wp-content\/uploads\/2024\/02\/Region-Skane_Rebecca-Padar-150x150.jpg 150w, https:\/\/www.buff.se\/wp-content\/uploads\/2024\/02\/Region-Skane_Rebecca-Padar-300x300.jpg 300w, https:\/\/www.buff.se\/wp-content\/uploads\/2024\/02\/Region-Skane_Rebecca-Padar-100x100.jpg 100w\" sizes=\"auto, (max-width: 430px) 100vw, 430px\" \/><\/figure>\n\n\n\n<p><strong>Rebecca Padar<\/strong><\/p>\n\n\n\n<p>Works with children\u2019s rights at the Region Sk\u00e5ne Administration of Culture. Has a background in political science and has worked with children\u2019s rights issues both within civil society and the public sector.\u00a0<\/p>\n<\/div>\n\n\n\n<div class=\"wp-block-column is-layout-flow wp-block-column-is-layout-flow\"><\/div>\n<\/div>\n\n\n\n<div style=\"height:51px\" aria-hidden=\"true\" class=\"wp-block-spacer\"><\/div>\n\n\n\n<h2 class=\"wp-block-heading\">T\u00e4vlande filmer<\/h2>\n\n\n\n<div class=\"wp-block-columns is-layout-flex wp-container-core-columns-is-layout-9d6595d7 wp-block-columns-is-layout-flex\">\n<div class=\"wp-block-column is-layout-flow wp-block-column-is-layout-flow\">\t\t<a href=\"https:\/\/www.buff.se\/en\/filmer\/the-birthday-party\/\" \n\tclass=\"catalog-post catalog-item big-catalog-item \" \n\tdata-size=\"medium\">\n\t\t\t<img loading=\"lazy\" decoding=\"async\" width=\"640\" height=\"426\" src=\"https:\/\/www.buff.se\/wp-content\/uploads\/2024\/01\/BUFF2024_the-birthday-party-2-1024x682.jpg\" class=\"attachment-large size-large wp-post-image\" alt=\"\" srcset=\"https:\/\/www.buff.se\/wp-content\/uploads\/2024\/01\/BUFF2024_the-birthday-party-2-1024x682.jpg 1024w, https:\/\/www.buff.se\/wp-content\/uploads\/2024\/01\/BUFF2024_the-birthday-party-2-350x233.jpg 350w, https:\/\/www.buff.se\/wp-content\/uploads\/2024\/01\/BUFF2024_the-birthday-party-2-768x511.jpg 768w, https:\/\/www.buff.se\/wp-content\/uploads\/2024\/01\/BUFF2024_the-birthday-party-2-300x200.jpg 300w, https:\/\/www.buff.se\/wp-content\/uploads\/2024\/01\/BUFF2024_the-birthday-party-2.jpg 1200w\" sizes=\"auto, (max-width: 640px) 100vw, 640px\" \/>\t<div class=\"catalog-post-text\">\n\t\t\t\t\t<h4>Film<\/h4>\n\t\t\t\t\t\t\t<div>\n\t\t\t\t\t\t\t<h5 class=\"catalog-item-title balance-text\">The Birthday Party<\/h5>\n\t\t\t\t\t\t\t\t\t<p class=\"short-desc\">\n\t\t\t\t\t\t\t\t\tIt\u2019s December 1999 and a boy has been invited to Enrico\u2019s birthday party at his family\u2019s house in the Italian countryside. The boy is anxious about the Millenium bug and he party turns out to be a strange experience.\t\t\t\t\t\t\t<\/p>\n\t\t\t<\/div>\n\t\t\t\n<div class=\"doodle arrow-right\">\n    <img decoding=\"async\" class=\"style-svg\" src=\"https:\/\/www.buff.se\/wp-content\/uploads\/2023\/01\/short-arrow-1.svg\" alt=\"\"\/>\n<\/div>\t\t\t<\/div>\n<\/a>\t\t\t<\/div>\n\n\n\n<div class=\"wp-block-column is-layout-flow wp-block-column-is-layout-flow\">\t\t<a href=\"https:\/\/www.buff.se\/en\/filmer\/death-to-the-bikini\/\" \n\tclass=\"catalog-post catalog-item big-catalog-item \" \n\tdata-size=\"medium\">\n\t\t\t<img loading=\"lazy\" decoding=\"async\" width=\"640\" height=\"268\" src=\"https:\/\/www.buff.se\/wp-content\/uploads\/2024\/01\/BUFF2024_Death-to-the-Bikini-1-1024x429.jpg\" class=\"attachment-large size-large wp-post-image\" alt=\"\" srcset=\"https:\/\/www.buff.se\/wp-content\/uploads\/2024\/01\/BUFF2024_Death-to-the-Bikini-1-1024x429.jpg 1024w, https:\/\/www.buff.se\/wp-content\/uploads\/2024\/01\/BUFF2024_Death-to-the-Bikini-1-350x147.jpg 350w, https:\/\/www.buff.se\/wp-content\/uploads\/2024\/01\/BUFF2024_Death-to-the-Bikini-1-768x322.jpg 768w, https:\/\/www.buff.se\/wp-content\/uploads\/2024\/01\/BUFF2024_Death-to-the-Bikini-1-1536x644.jpg 1536w, https:\/\/www.buff.se\/wp-content\/uploads\/2024\/01\/BUFF2024_Death-to-the-Bikini-1-300x126.jpg 300w, https:\/\/www.buff.se\/wp-content\/uploads\/2024\/01\/BUFF2024_Death-to-the-Bikini-1.jpg 2048w\" sizes=\"auto, (max-width: 640px) 100vw, 640px\" \/>\t<div class=\"catalog-post-text\">\n\t\t\t\t\t<h4>Film<\/h4>\n\t\t\t\t\t\t\t<div>\n\t\t\t\t\t\t\t<h5 class=\"catalog-item-title balance-text\">Death to the Bikini!<\/h5>\n\t\t\t\t\t\t\t\t\t<p class=\"short-desc\">\n\t\t\t\t\t\t\t\t\tLili is a brave 10-year old who usually bathes without her top. When her parents tell her to wear a bikini top she rebels. Why does she have to cover her body when the guys don\u2019t need to?\t\t\t\t\t\t\t<\/p>\n\t\t\t<\/div>\n\t\t\t\n<div class=\"doodle arrow-right\">\n    <img decoding=\"async\" class=\"style-svg\" src=\"https:\/\/www.buff.se\/wp-content\/uploads\/2023\/01\/short-arrow-2.svg\" alt=\"\"\/>\n<\/div>\t\t\t<\/div>\n<\/a>\t\t\t<\/div>\n<\/div>\n\n\n\n<div class=\"wp-block-columns is-layout-flex wp-container-core-columns-is-layout-9d6595d7 wp-block-columns-is-layout-flex\">\n<div class=\"wp-block-column is-layout-flow wp-block-column-is-layout-flow\">\t\t<a href=\"https:\/\/www.buff.se\/en\/filmer\/dusk\/\" \n\tclass=\"catalog-post catalog-item big-catalog-item \" \n\tdata-size=\"medium\">\n\t\t\t<img loading=\"lazy\" decoding=\"async\" width=\"640\" height=\"346\" src=\"https:\/\/www.buff.se\/wp-content\/uploads\/2024\/01\/BUFF2024_Dusk-1-1024x553.jpeg\" class=\"attachment-large size-large wp-post-image\" alt=\"\" srcset=\"https:\/\/www.buff.se\/wp-content\/uploads\/2024\/01\/BUFF2024_Dusk-1-1024x553.jpeg 1024w, https:\/\/www.buff.se\/wp-content\/uploads\/2024\/01\/BUFF2024_Dusk-1-350x189.jpeg 350w, https:\/\/www.buff.se\/wp-content\/uploads\/2024\/01\/BUFF2024_Dusk-1-768x415.jpeg 768w, https:\/\/www.buff.se\/wp-content\/uploads\/2024\/01\/BUFF2024_Dusk-1-1536x830.jpeg 1536w, https:\/\/www.buff.se\/wp-content\/uploads\/2024\/01\/BUFF2024_Dusk-1-300x162.jpeg 300w, https:\/\/www.buff.se\/wp-content\/uploads\/2024\/01\/BUFF2024_Dusk-1.jpeg 1666w\" sizes=\"auto, (max-width: 640px) 100vw, 640px\" \/>\t<div class=\"catalog-post-text\">\n\t\t\t\t\t<h4>Film<\/h4>\n\t\t\t\t\t\t\t<div>\n\t\t\t\t\t\t\t<h5 class=\"catalog-item-title balance-text\">Dusk<\/h5>\n\t\t\t\t\t\t\t\t\t<p class=\"short-desc\">\n\t\t\t\t\t\t\t\t\tBinta is chosen to be the new gang leader. But to prove herself she must find out what the strange and terrifying man Pa Kong-Kong has in his rucksack. Under cover of night, Binta and the gang head out.\t\t\t\t\t\t\t<\/p>\n\t\t\t<\/div>\n\t\t\t\n<div class=\"doodle arrow-right\">\n    <img decoding=\"async\" class=\"style-svg\" src=\"https:\/\/www.buff.se\/wp-content\/uploads\/2023\/01\/short-arrow-4.svg\" alt=\"\"\/>\n<\/div>\t\t\t<\/div>\n<\/a>\t\t\t<\/div>\n\n\n\n<div class=\"wp-block-column is-layout-flow wp-block-column-is-layout-flow\">\t\t<a href=\"https:\/\/www.buff.se\/en\/filmer\/lage-acrobatique\/\" \n\tclass=\"catalog-post catalog-item big-catalog-item \" \n\tdata-size=\"medium\">\n\t\t\t<img loading=\"lazy\" decoding=\"async\" width=\"640\" height=\"348\" src=\"https:\/\/www.buff.se\/wp-content\/uploads\/2024\/01\/BUFF2024_L_age-acrobatique-02-1024x557.jpg\" class=\"attachment-large size-large wp-post-image\" alt=\"\" srcset=\"https:\/\/www.buff.se\/wp-content\/uploads\/2024\/01\/BUFF2024_L_age-acrobatique-02-1024x557.jpg 1024w, https:\/\/www.buff.se\/wp-content\/uploads\/2024\/01\/BUFF2024_L_age-acrobatique-02-350x190.jpg 350w, https:\/\/www.buff.se\/wp-content\/uploads\/2024\/01\/BUFF2024_L_age-acrobatique-02-768x418.jpg 768w, https:\/\/www.buff.se\/wp-content\/uploads\/2024\/01\/BUFF2024_L_age-acrobatique-02-1536x835.jpg 1536w, https:\/\/www.buff.se\/wp-content\/uploads\/2024\/01\/BUFF2024_L_age-acrobatique-02-300x163.jpg 300w, https:\/\/www.buff.se\/wp-content\/uploads\/2024\/01\/BUFF2024_L_age-acrobatique-02.jpg 1655w\" sizes=\"auto, (max-width: 640px) 100vw, 640px\" \/>\t<div class=\"catalog-post-text\">\n\t\t\t\t\t<h4>Film<\/h4>\n\t\t\t\t\t\t\t<div>\n\t\t\t\t\t\t\t<h5 class=\"catalog-item-title balance-text\">L&#8217;\u00e2ge acrobatique<\/h5>\n\t\t\t\t\t\t\t\t\t<p class=\"short-desc\">\n\t\t\t\t\t\t\t\t\tThirteen-year old Lucas is attending an acrobat workshop for the first time. Bodies fly, the risk of falling is high and Lucas\u2019 heart is beating fast. For the first time, Lucas has fallen in love.\t\t\t\t\t\t\t<\/p>\n\t\t\t<\/div>\n\t\t\t\n<div class=\"doodle arrow-right\">\n    <img decoding=\"async\" class=\"style-svg\" src=\"https:\/\/www.buff.se\/wp-content\/uploads\/2023\/01\/short-arrow-2.svg\" alt=\"\"\/>\n<\/div>\t\t\t<\/div>\n<\/a>\t\t\t<\/div>\n<\/div>\n\n\n\n<div class=\"wp-block-columns is-layout-flex wp-container-core-columns-is-layout-9d6595d7 wp-block-columns-is-layout-flex\">\n<div class=\"wp-block-column is-layout-flow wp-block-column-is-layout-flow\">\t\t<a href=\"https:\/\/www.buff.se\/en\/filmer\/dog-days\/\" \n\tclass=\"catalog-post catalog-item big-catalog-item \" \n\tdata-size=\"medium\">\n\t\t\t<img loading=\"lazy\" decoding=\"async\" width=\"640\" height=\"360\" src=\"https:\/\/www.buff.se\/wp-content\/uploads\/2024\/01\/BUFF2024_Dog-Days-03-1024x576.jpg\" class=\"attachment-large size-large wp-post-image\" alt=\"\" srcset=\"https:\/\/www.buff.se\/wp-content\/uploads\/2024\/01\/BUFF2024_Dog-Days-03-1024x576.jpg 1024w, https:\/\/www.buff.se\/wp-content\/uploads\/2024\/01\/BUFF2024_Dog-Days-03-350x197.jpg 350w, https:\/\/www.buff.se\/wp-content\/uploads\/2024\/01\/BUFF2024_Dog-Days-03-768x432.jpg 768w, https:\/\/www.buff.se\/wp-content\/uploads\/2024\/01\/BUFF2024_Dog-Days-03-1536x864.jpg 1536w, https:\/\/www.buff.se\/wp-content\/uploads\/2024\/01\/BUFF2024_Dog-Days-03-300x169.jpg 300w, https:\/\/www.buff.se\/wp-content\/uploads\/2024\/01\/BUFF2024_Dog-Days-03.jpg 1920w\" sizes=\"auto, (max-width: 640px) 100vw, 640px\" \/>\t<div class=\"catalog-post-text\">\n\t\t\t\t\t<h4>Film<\/h4>\n\t\t\t\t\t\t\t<div>\n\t\t\t\t\t\t\t<h5 class=\"catalog-item-title balance-text\">Dog Days<\/h5>\n\t\t\t\t\t\t\t\t\t<p class=\"short-desc\">\n\t\t\t\t\t\t\t\t\tAdele is struggling to accept her own body. One afternoon by the pool everything is brought to a head. Adele is challenged by the other youngsters and is forced to confront her insecurities.\t\t\t\t\t\t\t<\/p>\n\t\t\t<\/div>\n\t\t\t\n<div class=\"doodle arrow-right\">\n    <img decoding=\"async\" class=\"style-svg\" src=\"https:\/\/www.buff.se\/wp-content\/uploads\/2023\/01\/short-arrow-3.svg\" alt=\"\"\/>\n<\/div>\t\t\t<\/div>\n<\/a>\t\t\t<\/div>\n\n\n\n<div class=\"wp-block-column is-layout-flow wp-block-column-is-layout-flow\">\t\t<a href=\"https:\/\/www.buff.se\/en\/filmer\/shooting-watermelons\/\" \n\tclass=\"catalog-post catalog-item big-catalog-item \" \n\tdata-size=\"medium\">\n\t\t\t<img loading=\"lazy\" decoding=\"async\" width=\"640\" height=\"514\" src=\"https:\/\/www.buff.se\/wp-content\/uploads\/2024\/01\/BUFF2024_Shooting-watermelons-4-1024x823.jpg\" class=\"attachment-large size-large wp-post-image\" alt=\"\" srcset=\"https:\/\/www.buff.se\/wp-content\/uploads\/2024\/01\/BUFF2024_Shooting-watermelons-4-1024x823.jpg 1024w, https:\/\/www.buff.se\/wp-content\/uploads\/2024\/01\/BUFF2024_Shooting-watermelons-4-350x281.jpg 350w, https:\/\/www.buff.se\/wp-content\/uploads\/2024\/01\/BUFF2024_Shooting-watermelons-4-768x617.jpg 768w, https:\/\/www.buff.se\/wp-content\/uploads\/2024\/01\/BUFF2024_Shooting-watermelons-4-300x241.jpg 300w, https:\/\/www.buff.se\/wp-content\/uploads\/2024\/01\/BUFF2024_Shooting-watermelons-4.jpg 1120w\" sizes=\"auto, (max-width: 640px) 100vw, 640px\" \/>\t<div class=\"catalog-post-text\">\n\t\t\t\t\t<h4>Film<\/h4>\n\t\t\t\t\t\t\t<div>\n\t\t\t\t\t\t\t<h5 class=\"catalog-item-title balance-text\">Shooting Watermelons<\/h5>\n\t\t\t\t\t\t\t\t\t<p class=\"short-desc\">\n\t\t\t\t\t\t\t\t\tFederico is on holiday with his father and older brother in Sardinia. The father is a confident macho man whose ideals Federico find hard to live up to, which leaves him feeling inadequate.\t\t\t\t\t\t\t<\/p>\n\t\t\t<\/div>\n\t\t\t\n<div class=\"doodle arrow-right\">\n    <img decoding=\"async\" class=\"style-svg\" src=\"https:\/\/www.buff.se\/wp-content\/uploads\/2023\/01\/short-arrow-2.svg\" alt=\"\"\/>\n<\/div>\t\t\t<\/div>\n<\/a>\t\t\t<\/div>\n<\/div>\n\n\n\n<div class=\"wp-block-columns is-layout-flex wp-container-core-columns-is-layout-9d6595d7 wp-block-columns-is-layout-flex\">\n<div class=\"wp-block-column is-layout-flow wp-block-column-is-layout-flow\">\t\t<a href=\"https:\/\/www.buff.se\/en\/filmer\/burul\/\" \n\tclass=\"catalog-post catalog-item big-catalog-item \" \n\tdata-size=\"medium\">\n\t\t\t<img loading=\"lazy\" decoding=\"async\" width=\"640\" height=\"268\" src=\"https:\/\/www.buff.se\/wp-content\/uploads\/2024\/01\/BUFF2024_Burul-1-1024x429.jpg\" class=\"attachment-large size-large wp-post-image\" alt=\"\" srcset=\"https:\/\/www.buff.se\/wp-content\/uploads\/2024\/01\/BUFF2024_Burul-1-1024x429.jpg 1024w, https:\/\/www.buff.se\/wp-content\/uploads\/2024\/01\/BUFF2024_Burul-1-350x147.jpg 350w, https:\/\/www.buff.se\/wp-content\/uploads\/2024\/01\/BUFF2024_Burul-1-768x322.jpg 768w, https:\/\/www.buff.se\/wp-content\/uploads\/2024\/01\/BUFF2024_Burul-1-1536x644.jpg 1536w, https:\/\/www.buff.se\/wp-content\/uploads\/2024\/01\/BUFF2024_Burul-1-300x126.jpg 300w, https:\/\/www.buff.se\/wp-content\/uploads\/2024\/01\/BUFF2024_Burul-1.jpg 2048w\" sizes=\"auto, (max-width: 640px) 100vw, 640px\" \/>\t<div class=\"catalog-post-text\">\n\t\t\t\t\t<h4>Film<\/h4>\n\t\t\t\t\t\t\t<div>\n\t\t\t\t\t\t\t<h5 class=\"catalog-item-title balance-text\">Burul<\/h5>\n\t\t\t\t\t\t\t\t\t<p class=\"short-desc\">\n\t\t\t\t\t\t\t\t\tIn rural Kyrgyzstan, Burul is passionate about wrestling but the school\u2019s coaches won\u2019t let her practice in the same space as the boys. Burul\u2019s father is against it too \u2013 but wrestling turns out to be the saviour in a time of need.\t\t\t\t\t\t\t<\/p>\n\t\t\t<\/div>\n\t\t\t\n<div class=\"doodle arrow-right\">\n    <img decoding=\"async\" class=\"style-svg\" src=\"https:\/\/www.buff.se\/wp-content\/uploads\/2023\/01\/short-arrow-4.svg\" alt=\"\"\/>\n<\/div>\t\t\t<\/div>\n<\/a>\t\t\t<\/div>\n\n\n\n<div class=\"wp-block-column is-layout-flow wp-block-column-is-layout-flow\">\t\t<a href=\"https:\/\/www.buff.se\/en\/filmer\/punkdreams\/\" \n\tclass=\"catalog-post catalog-item big-catalog-item \" \n\tdata-size=\"medium\">\n\t\t\t<img loading=\"lazy\" decoding=\"async\" width=\"640\" height=\"360\" src=\"https:\/\/www.buff.se\/wp-content\/uploads\/2024\/01\/Punkdreams_MAIN-STILL_SimonKocher-1024x576.jpg\" class=\"attachment-large size-large wp-post-image\" alt=\"\" srcset=\"https:\/\/www.buff.se\/wp-content\/uploads\/2024\/01\/Punkdreams_MAIN-STILL_SimonKocher-1024x576.jpg 1024w, https:\/\/www.buff.se\/wp-content\/uploads\/2024\/01\/Punkdreams_MAIN-STILL_SimonKocher-350x197.jpg 350w, https:\/\/www.buff.se\/wp-content\/uploads\/2024\/01\/Punkdreams_MAIN-STILL_SimonKocher-768x432.jpg 768w, https:\/\/www.buff.se\/wp-content\/uploads\/2024\/01\/Punkdreams_MAIN-STILL_SimonKocher-1536x864.jpg 1536w, https:\/\/www.buff.se\/wp-content\/uploads\/2024\/01\/Punkdreams_MAIN-STILL_SimonKocher-300x169.jpg 300w, https:\/\/www.buff.se\/wp-content\/uploads\/2024\/01\/Punkdreams_MAIN-STILL_SimonKocher.jpg 1600w\" sizes=\"auto, (max-width: 640px) 100vw, 640px\" \/>\t<div class=\"catalog-post-text\">\n\t\t\t\t\t<h4>Film<\/h4>\n\t\t\t\t\t\t\t<div>\n\t\t\t\t\t\t\t<h5 class=\"catalog-item-title balance-text\">Punkdreams<\/h5>\n\t\t\t\t\t\t\t\t\t<p class=\"short-desc\">\n\t\t\t\t\t\t\t\t\tBorgerlig begravning, one of Sweden\u2019s youngest punk bands, captures its generation\u2019s war with energy and feedback noise. An intimate documentary about music, friendship and punk dreams.\t\t\t\t\t\t\t<\/p>\n\t\t\t<\/div>\n\t\t\t\n<div class=\"doodle arrow-right\">\n    <img decoding=\"async\" class=\"style-svg\" src=\"https:\/\/www.buff.se\/wp-content\/uploads\/2023\/01\/short-arrow-1.svg\" alt=\"\"\/>\n<\/div>\t\t\t<\/div>\n<\/a>\t\t\t<\/div>\n<\/div>\n","protected":false},"excerpt":{"rendered":"<p>The Region Sk\u00e5ne Short Film Award Region Sk\u00e5ne\u2019s Cultural Board established the award with the purpose of raising the status and importance of short film within the children and youth film genre. The award is given to the filmmaker who made the festival\u2019s best short film. Quality and innovation are important criteria when selecting the [&hellip;]<\/p>\n","protected":false},"author":2,"featured_media":60598,"comment_status":"closed","ping_status":"open","sticky":false,"template":"","format":"standard","meta":{"_acf_changed":false,"inline_featured_image":false,"footnotes":""},"categories":[1311],"tags":[],"class_list":["post-60674","post","type-post","status-publish","format-standard","has-post-thumbnail","hentry","category-buff-2024-2"],"acf":[],"yoast_head":"<!-- This site is optimized with the Yoast SEO plugin v27.2 - https:\/\/yoast.com\/product\/yoast-seo-wordpress\/ -->\n<title>Competition: best short film 2024 - BUFF Malm\u00f6<\/title>\n<meta name=\"robots\" content=\"index, follow, max-snippet:-1, max-image-preview:large, max-video-preview:-1\" \/>\n<link rel=\"canonical\" href=\"https:\/\/www.buff.se\/en\/buff-2024-2\/competition-best-short-film-2024\/\" \/>\n<meta property=\"og:locale\" content=\"en_US\" \/>\n<meta property=\"og:type\" content=\"article\" \/>\n<meta property=\"og:title\" content=\"Competition: best short film 2024 - BUFF Malm\u00f6\" \/>\n<meta property=\"og:description\" content=\"The Region Sk\u00e5ne Short Film Award Region Sk\u00e5ne\u2019s Cultural Board established the award with the purpose of raising the status and importance of short film within the children and youth film genre. The award is given to the filmmaker who made the festival\u2019s best short film. Quality and innovation are important criteria when selecting the [&hellip;]\" \/>\n<meta property=\"og:url\" content=\"https:\/\/www.buff.se\/en\/buff-2024-2\/competition-best-short-film-2024\/\" \/>\n<meta property=\"og:site_name\" content=\"BUFF Malm\u00f6\" \/>\n<meta property=\"article:publisher\" content=\"https:\/\/www.facebook.com\/buff.festival\/\" \/>\n<meta property=\"article:published_time\" content=\"2024-02-07T09:19:59+00:00\" \/>\n<meta property=\"og:image\" content=\"https:\/\/www.buff.se\/wp-content\/uploads\/2024\/02\/BUFF2024_Shooting-watermelons.jpeg\" \/>\n\t<meta property=\"og:image:width\" content=\"1126\" \/>\n\t<meta property=\"og:image:height\" content=\"900\" \/>\n\t<meta property=\"og:image:type\" content=\"image\/jpeg\" \/>\n<meta name=\"author\" content=\"BUFF\" \/>\n<meta name=\"twitter:card\" content=\"summary_large_image\" \/>\n<meta name=\"twitter:creator\" content=\"@BUFF_Malmo\" \/>\n<meta name=\"twitter:site\" content=\"@BUFF_Malmo\" \/>\n<meta name=\"twitter:label1\" content=\"Written by\" \/>\n\t<meta name=\"twitter:data1\" content=\"BUFF\" \/>\n\t<meta name=\"twitter:label2\" content=\"Est. reading time\" \/>\n\t<meta name=\"twitter:data2\" content=\"3 minutes\" \/>\n<script type=\"application\/ld+json\" class=\"yoast-schema-graph\">{\"@context\":\"https:\/\/schema.org\",\"@graph\":[{\"@type\":\"Article\",\"@id\":\"https:\/\/www.buff.se\/en\/buff-2024-2\/competition-best-short-film-2024\/#article\",\"isPartOf\":{\"@id\":\"https:\/\/www.buff.se\/en\/buff-2024-2\/competition-best-short-film-2024\/\"},\"author\":{\"name\":\"BUFF\",\"@id\":\"https:\/\/makesmefeel.com\/demo\/#\/schema\/person\/052f80936b7c33fdc3da068c5db68171\"},\"headline\":\"Competition: best short film 2024\",\"datePublished\":\"2024-02-07T09:19:59+00:00\",\"mainEntityOfPage\":{\"@id\":\"https:\/\/www.buff.se\/en\/buff-2024-2\/competition-best-short-film-2024\/\"},\"wordCount\":219,\"publisher\":{\"@id\":\"https:\/\/makesmefeel.com\/demo\/#organization\"},\"image\":{\"@id\":\"https:\/\/www.buff.se\/en\/buff-2024-2\/competition-best-short-film-2024\/#primaryimage\"},\"thumbnailUrl\":\"https:\/\/www.buff.se\/wp-content\/uploads\/2024\/02\/BUFF2024_Shooting-watermelons.jpeg\",\"articleSection\":[\"BUFF 2024\"],\"inLanguage\":\"en-US\"},{\"@type\":\"WebPage\",\"@id\":\"https:\/\/www.buff.se\/en\/buff-2024-2\/competition-best-short-film-2024\/\",\"url\":\"https:\/\/www.buff.se\/en\/buff-2024-2\/competition-best-short-film-2024\/\",\"name\":\"Competition: best short film 2024 - BUFF Malm\u00f6\",\"isPartOf\":{\"@id\":\"https:\/\/makesmefeel.com\/demo\/#website\"},\"primaryImageOfPage\":{\"@id\":\"https:\/\/www.buff.se\/en\/buff-2024-2\/competition-best-short-film-2024\/#primaryimage\"},\"image\":{\"@id\":\"https:\/\/www.buff.se\/en\/buff-2024-2\/competition-best-short-film-2024\/#primaryimage\"},\"thumbnailUrl\":\"https:\/\/www.buff.se\/wp-content\/uploads\/2024\/02\/BUFF2024_Shooting-watermelons.jpeg\",\"datePublished\":\"2024-02-07T09:19:59+00:00\",\"breadcrumb\":{\"@id\":\"https:\/\/www.buff.se\/en\/buff-2024-2\/competition-best-short-film-2024\/#breadcrumb\"},\"inLanguage\":\"en-US\",\"potentialAction\":[{\"@type\":\"ReadAction\",\"target\":[\"https:\/\/www.buff.se\/en\/buff-2024-2\/competition-best-short-film-2024\/\"]}]},{\"@type\":\"ImageObject\",\"inLanguage\":\"en-US\",\"@id\":\"https:\/\/www.buff.se\/en\/buff-2024-2\/competition-best-short-film-2024\/#primaryimage\",\"url\":\"https:\/\/www.buff.se\/wp-content\/uploads\/2024\/02\/BUFF2024_Shooting-watermelons.jpeg\",\"contentUrl\":\"https:\/\/www.buff.se\/wp-content\/uploads\/2024\/02\/BUFF2024_Shooting-watermelons.jpeg\",\"width\":1126,\"height\":900},{\"@type\":\"BreadcrumbList\",\"@id\":\"https:\/\/www.buff.se\/en\/buff-2024-2\/competition-best-short-film-2024\/#breadcrumb\",\"itemListElement\":[{\"@type\":\"ListItem\",\"position\":1,\"name\":\"Hem\",\"item\":\"https:\/\/www.buff.se\/en\/\"},{\"@type\":\"ListItem\",\"position\":2,\"name\":\"Competition: best short film 2024\"}]},{\"@type\":\"WebSite\",\"@id\":\"https:\/\/makesmefeel.com\/demo\/#website\",\"url\":\"https:\/\/makesmefeel.com\/demo\/\",\"name\":\"BUFF Malm\u00f6\",\"description\":\"Barn- och ungdomsfilmfestival\",\"publisher\":{\"@id\":\"https:\/\/makesmefeel.com\/demo\/#organization\"},\"potentialAction\":[{\"@type\":\"SearchAction\",\"target\":{\"@type\":\"EntryPoint\",\"urlTemplate\":\"https:\/\/makesmefeel.com\/demo\/?s={search_term_string}\"},\"query-input\":{\"@type\":\"PropertyValueSpecification\",\"valueRequired\":true,\"valueName\":\"search_term_string\"}}],\"inLanguage\":\"en-US\"},{\"@type\":\"Organization\",\"@id\":\"https:\/\/makesmefeel.com\/demo\/#organization\",\"name\":\"BUFF Malm\u00f6\",\"url\":\"https:\/\/makesmefeel.com\/demo\/\",\"logo\":{\"@type\":\"ImageObject\",\"inLanguage\":\"en-US\",\"@id\":\"https:\/\/makesmefeel.com\/demo\/#\/schema\/logo\/image\/\",\"url\":\"https:\/\/www.buff.se\/wp-content\/uploads\/2021\/10\/buff-logo.svg\",\"contentUrl\":\"https:\/\/www.buff.se\/wp-content\/uploads\/2021\/10\/buff-logo.svg\",\"caption\":\"BUFF Malm\u00f6\"},\"image\":{\"@id\":\"https:\/\/makesmefeel.com\/demo\/#\/schema\/logo\/image\/\"},\"sameAs\":[\"https:\/\/www.facebook.com\/buff.festival\/\",\"https:\/\/x.com\/BUFF_Malmo\",\"https:\/\/www.instagram.com\/buff_malmo\/\"]},{\"@type\":\"Person\",\"@id\":\"https:\/\/makesmefeel.com\/demo\/#\/schema\/person\/052f80936b7c33fdc3da068c5db68171\",\"name\":\"BUFF\",\"image\":{\"@type\":\"ImageObject\",\"inLanguage\":\"en-US\",\"@id\":\"https:\/\/secure.gravatar.com\/avatar\/3321bf87f07638661dea0b000d943abc703693cca05aa15907eb76497a967270?s=96&d=mm&r=g\",\"url\":\"https:\/\/secure.gravatar.com\/avatar\/3321bf87f07638661dea0b000d943abc703693cca05aa15907eb76497a967270?s=96&d=mm&r=g\",\"contentUrl\":\"https:\/\/secure.gravatar.com\/avatar\/3321bf87f07638661dea0b000d943abc703693cca05aa15907eb76497a967270?s=96&d=mm&r=g\",\"caption\":\"BUFF\"},\"sameAs\":[\"https:\/\/www.buff.se\"],\"url\":\"\/#\"}]}<\/script>\n<!-- \/ Yoast SEO plugin. -->","yoast_head_json":{"title":"Competition: best short film 2024 - BUFF Malm\u00f6","robots":{"index":"index","follow":"follow","max-snippet":"max-snippet:-1","max-image-preview":"max-image-preview:large","max-video-preview":"max-video-preview:-1"},"canonical":"https:\/\/www.buff.se\/en\/buff-2024-2\/competition-best-short-film-2024\/","og_locale":"en_US","og_type":"article","og_title":"Competition: best short film 2024 - BUFF Malm\u00f6","og_description":"The Region Sk\u00e5ne Short Film Award Region Sk\u00e5ne\u2019s Cultural Board established the award with the purpose of raising the status and importance of short film within the children and youth film genre. The award is given to the filmmaker who made the festival\u2019s best short film. Quality and innovation are important criteria when selecting the [&hellip;]","og_url":"https:\/\/www.buff.se\/en\/buff-2024-2\/competition-best-short-film-2024\/","og_site_name":"BUFF Malm\u00f6","article_publisher":"https:\/\/www.facebook.com\/buff.festival\/","article_published_time":"2024-02-07T09:19:59+00:00","og_image":[{"width":1126,"height":900,"url":"https:\/\/www.buff.se\/wp-content\/uploads\/2024\/02\/BUFF2024_Shooting-watermelons.jpeg","type":"image\/jpeg"}],"author":"BUFF","twitter_card":"summary_large_image","twitter_creator":"@BUFF_Malmo","twitter_site":"@BUFF_Malmo","twitter_misc":{"Written by":"BUFF","Est. reading time":"3 minutes"},"schema":{"@context":"https:\/\/schema.org","@graph":[{"@type":"Article","@id":"https:\/\/www.buff.se\/en\/buff-2024-2\/competition-best-short-film-2024\/#article","isPartOf":{"@id":"https:\/\/www.buff.se\/en\/buff-2024-2\/competition-best-short-film-2024\/"},"author":{"name":"BUFF","@id":"https:\/\/makesmefeel.com\/demo\/#\/schema\/person\/052f80936b7c33fdc3da068c5db68171"},"headline":"Competition: best short film 2024","datePublished":"2024-02-07T09:19:59+00:00","mainEntityOfPage":{"@id":"https:\/\/www.buff.se\/en\/buff-2024-2\/competition-best-short-film-2024\/"},"wordCount":219,"publisher":{"@id":"https:\/\/makesmefeel.com\/demo\/#organization"},"image":{"@id":"https:\/\/www.buff.se\/en\/buff-2024-2\/competition-best-short-film-2024\/#primaryimage"},"thumbnailUrl":"https:\/\/www.buff.se\/wp-content\/uploads\/2024\/02\/BUFF2024_Shooting-watermelons.jpeg","articleSection":["BUFF 2024"],"inLanguage":"en-US"},{"@type":"WebPage","@id":"https:\/\/www.buff.se\/en\/buff-2024-2\/competition-best-short-film-2024\/","url":"https:\/\/www.buff.se\/en\/buff-2024-2\/competition-best-short-film-2024\/","name":"Competition: best short film 2024 - BUFF Malm\u00f6","isPartOf":{"@id":"https:\/\/makesmefeel.com\/demo\/#website"},"primaryImageOfPage":{"@id":"https:\/\/www.buff.se\/en\/buff-2024-2\/competition-best-short-film-2024\/#primaryimage"},"image":{"@id":"https:\/\/www.buff.se\/en\/buff-2024-2\/competition-best-short-film-2024\/#primaryimage"},"thumbnailUrl":"https:\/\/www.buff.se\/wp-content\/uploads\/2024\/02\/BUFF2024_Shooting-watermelons.jpeg","datePublished":"2024-02-07T09:19:59+00:00","breadcrumb":{"@id":"https:\/\/www.buff.se\/en\/buff-2024-2\/competition-best-short-film-2024\/#breadcrumb"},"inLanguage":"en-US","potentialAction":[{"@type":"ReadAction","target":["https:\/\/www.buff.se\/en\/buff-2024-2\/competition-best-short-film-2024\/"]}]},{"@type":"ImageObject","inLanguage":"en-US","@id":"https:\/\/www.buff.se\/en\/buff-2024-2\/competition-best-short-film-2024\/#primaryimage","url":"https:\/\/www.buff.se\/wp-content\/uploads\/2024\/02\/BUFF2024_Shooting-watermelons.jpeg","contentUrl":"https:\/\/www.buff.se\/wp-content\/uploads\/2024\/02\/BUFF2024_Shooting-watermelons.jpeg","width":1126,"height":900},{"@type":"BreadcrumbList","@id":"https:\/\/www.buff.se\/en\/buff-2024-2\/competition-best-short-film-2024\/#breadcrumb","itemListElement":[{"@type":"ListItem","position":1,"name":"Hem","item":"https:\/\/www.buff.se\/en\/"},{"@type":"ListItem","position":2,"name":"Competition: best short film 2024"}]},{"@type":"WebSite","@id":"https:\/\/makesmefeel.com\/demo\/#website","url":"https:\/\/makesmefeel.com\/demo\/","name":"BUFF Malm\u00f6","description":"Barn- och ungdomsfilmfestival","publisher":{"@id":"https:\/\/makesmefeel.com\/demo\/#organization"},"potentialAction":[{"@type":"SearchAction","target":{"@type":"EntryPoint","urlTemplate":"https:\/\/makesmefeel.com\/demo\/?s={search_term_string}"},"query-input":{"@type":"PropertyValueSpecification","valueRequired":true,"valueName":"search_term_string"}}],"inLanguage":"en-US"},{"@type":"Organization","@id":"https:\/\/makesmefeel.com\/demo\/#organization","name":"BUFF Malm\u00f6","url":"https:\/\/makesmefeel.com\/demo\/","logo":{"@type":"ImageObject","inLanguage":"en-US","@id":"https:\/\/makesmefeel.com\/demo\/#\/schema\/logo\/image\/","url":"https:\/\/www.buff.se\/wp-content\/uploads\/2021\/10\/buff-logo.svg","contentUrl":"https:\/\/www.buff.se\/wp-content\/uploads\/2021\/10\/buff-logo.svg","caption":"BUFF Malm\u00f6"},"image":{"@id":"https:\/\/makesmefeel.com\/demo\/#\/schema\/logo\/image\/"},"sameAs":["https:\/\/www.facebook.com\/buff.festival\/","https:\/\/x.com\/BUFF_Malmo","https:\/\/www.instagram.com\/buff_malmo\/"]},{"@type":"Person","@id":"https:\/\/makesmefeel.com\/demo\/#\/schema\/person\/052f80936b7c33fdc3da068c5db68171","name":"BUFF","image":{"@type":"ImageObject","inLanguage":"en-US","@id":"https:\/\/secure.gravatar.com\/avatar\/3321bf87f07638661dea0b000d943abc703693cca05aa15907eb76497a967270?s=96&d=mm&r=g","url":"https:\/\/secure.gravatar.com\/avatar\/3321bf87f07638661dea0b000d943abc703693cca05aa15907eb76497a967270?s=96&d=mm&r=g","contentUrl":"https:\/\/secure.gravatar.com\/avatar\/3321bf87f07638661dea0b000d943abc703693cca05aa15907eb76497a967270?s=96&d=mm&r=g","caption":"BUFF"},"sameAs":["https:\/\/www.buff.se"],"url":"\/#"}]}},"_links":{"self":[{"href":"https:\/\/www.buff.se\/en\/wp-json\/wp\/v2\/posts\/60674","targetHints":{"allow":["GET"]}}],"collection":[{"href":"https:\/\/www.buff.se\/en\/wp-json\/wp\/v2\/posts"}],"about":[{"href":"https:\/\/www.buff.se\/en\/wp-json\/wp\/v2\/types\/post"}],"author":[{"embeddable":true,"href":"https:\/\/www.buff.se\/en\/wp-json\/wp\/v2\/users\/2"}],"replies":[{"embeddable":true,"href":"https:\/\/www.buff.se\/en\/wp-json\/wp\/v2\/comments?post=60674"}],"version-history":[{"count":6,"href":"https:\/\/www.buff.se\/en\/wp-json\/wp\/v2\/posts\/60674\/revisions"}],"predecessor-version":[{"id":60778,"href":"https:\/\/www.buff.se\/en\/wp-json\/wp\/v2\/posts\/60674\/revisions\/60778"}],"wp:featuredmedia":[{"embeddable":true,"href":"https:\/\/www.buff.se\/en\/wp-json\/wp\/v2\/media\/60598"}],"wp:attachment":[{"href":"https:\/\/www.buff.se\/en\/wp-json\/wp\/v2\/media?parent=60674"}],"wp:term":[{"taxonomy":"category","embeddable":true,"href":"https:\/\/www.buff.se\/en\/wp-json\/wp\/v2\/categories?post=60674"},{"taxonomy":"post_tag","embeddable":true,"href":"https:\/\/www.buff.se\/en\/wp-json\/wp\/v2\/tags?post=60674"}],"curies":[{"name":"wp","href":"https:\/\/api.w.org\/{rel}","templated":true}]}}