{"id":52029,"date":"2023-02-13T13:14:48","date_gmt":"2023-02-13T12:14:48","guid":{"rendered":"https:\/\/www.buff.se\/?p=52029"},"modified":"2023-02-13T20:12:24","modified_gmt":"2023-02-13T19:12:24","slug":"competition-best-short-film","status":"publish","type":"post","link":"https:\/\/www.buff.se\/en\/buff-2023-2\/competition-best-short-film\/","title":{"rendered":"Competition: best short film"},"content":{"rendered":"\n<p><strong>The Region Sk\u00e5ne Short Film Award<\/strong><\/p>\n\n\n\n<p>Region Sk\u00e5ne\u2019s Cultural Board established the award with the purpose of raising the status and importance of short film within the children and youth film genre. The award is given to the filmmaker who made the festival&#8217;s best short film. Quality and innovation are important criteria when selecting the recipient. <\/p>\n\n\n\n<p>Prize money: 100 000 Swedish kronor.<\/p>\n\n\n\n<div style=\"height:49px\" aria-hidden=\"true\" class=\"wp-block-spacer\"><\/div>\n\n\n\n<h2 class=\"wp-block-heading\">Jury<\/h2>\n\n\n\n<div class=\"wp-block-columns is-layout-flex wp-container-core-columns-is-layout-9d6595d7 wp-block-columns-is-layout-flex\">\n<div class=\"wp-block-column is-layout-flow wp-block-column-is-layout-flow\">\n<figure class=\"wp-block-image size-large\"><img loading=\"lazy\" decoding=\"async\" width=\"1350\" height=\"759\" src=\"https:\/\/www.buff.se\/wp-content\/uploads\/2023\/02\/Region-skane_Sarah-Olsson-edited.jpg\" alt=\"\" class=\"wp-image-52010\" srcset=\"https:\/\/www.buff.se\/wp-content\/uploads\/2023\/02\/Region-skane_Sarah-Olsson-edited.jpg 1350w, https:\/\/www.buff.se\/wp-content\/uploads\/2023\/02\/Region-skane_Sarah-Olsson-edited-350x197.jpg 350w, https:\/\/www.buff.se\/wp-content\/uploads\/2023\/02\/Region-skane_Sarah-Olsson-edited-1024x576.jpg 1024w, https:\/\/www.buff.se\/wp-content\/uploads\/2023\/02\/Region-skane_Sarah-Olsson-edited-768x432.jpg 768w, https:\/\/www.buff.se\/wp-content\/uploads\/2023\/02\/Region-skane_Sarah-Olsson-edited-300x169.jpg 300w\" sizes=\"auto, (max-width: 1350px) 100vw, 1350px\" \/><\/figure>\n\n\n\n<p><strong>Sarah Olsson<\/strong><\/p>\n\n\n\n<p>Scriptwriter, director and producer \u2013 most recently known for the documentary Black Angels. Co-founder of production company Carb Film.<\/p>\n<\/div>\n\n\n\n<div class=\"wp-block-column is-layout-flow wp-block-column-is-layout-flow\">\n<figure class=\"wp-block-image size-full\"><img loading=\"lazy\" decoding=\"async\" width=\"600\" height=\"338\" src=\"https:\/\/www.buff.se\/wp-content\/uploads\/2023\/02\/Region-Skane_Mustafa-Al-M-edited.jpg\" alt=\"\" class=\"wp-image-52012\" srcset=\"https:\/\/www.buff.se\/wp-content\/uploads\/2023\/02\/Region-Skane_Mustafa-Al-M-edited.jpg 600w, https:\/\/www.buff.se\/wp-content\/uploads\/2023\/02\/Region-Skane_Mustafa-Al-M-edited-350x197.jpg 350w, https:\/\/www.buff.se\/wp-content\/uploads\/2023\/02\/Region-Skane_Mustafa-Al-M-edited-300x169.jpg 300w\" sizes=\"auto, (max-width: 600px) 100vw, 600px\" \/><\/figure>\n\n\n\n<p><strong>Mustafa El-Mashhadani<\/strong><\/p>\n\n\n\n<p>Actor and director who runs production company Malaika Film. Currently main scriptwriter and director for a tv-series in development that focuses on the inside perspective of an Arab upbringing in Sweden.<\/p>\n<\/div>\n<\/div>\n\n\n\n<div class=\"wp-block-columns is-layout-flex wp-container-core-columns-is-layout-9d6595d7 wp-block-columns-is-layout-flex\">\n<div class=\"wp-block-column is-layout-flow wp-block-column-is-layout-flow\">\n<figure class=\"wp-block-image size-full\"><img loading=\"lazy\" decoding=\"async\" width=\"640\" height=\"360\" src=\"https:\/\/www.buff.se\/wp-content\/uploads\/2023\/02\/Region-Skanes-jury_Tanja-von-Dahlern-edited.jpg\" alt=\"\" class=\"wp-image-52014\" srcset=\"https:\/\/www.buff.se\/wp-content\/uploads\/2023\/02\/Region-Skanes-jury_Tanja-von-Dahlern-edited.jpg 640w, https:\/\/www.buff.se\/wp-content\/uploads\/2023\/02\/Region-Skanes-jury_Tanja-von-Dahlern-edited-350x197.jpg 350w, https:\/\/www.buff.se\/wp-content\/uploads\/2023\/02\/Region-Skanes-jury_Tanja-von-Dahlern-edited-300x169.jpg 300w\" sizes=\"auto, (max-width: 640px) 100vw, 640px\" \/><\/figure>\n\n\n\n<p><strong>Tanja von Dahlern<\/strong><\/p>\n\n\n\n<p>Literature and arts scholar. Head of department of Culture, Languages and Media at Malm\u00f6 University.<\/p>\n<\/div>\n\n\n\n<div class=\"wp-block-column is-layout-flow wp-block-column-is-layout-flow\">\n<figure class=\"wp-block-image size-full\"><img loading=\"lazy\" decoding=\"async\" width=\"707\" height=\"398\" src=\"https:\/\/www.buff.se\/wp-content\/uploads\/2023\/02\/Region-Skane_Fredrik-Sjogren_kortfilmspris-edited.jpg\" alt=\"\" class=\"wp-image-52016\" srcset=\"https:\/\/www.buff.se\/wp-content\/uploads\/2023\/02\/Region-Skane_Fredrik-Sjogren_kortfilmspris-edited.jpg 707w, https:\/\/www.buff.se\/wp-content\/uploads\/2023\/02\/Region-Skane_Fredrik-Sjogren_kortfilmspris-edited-350x197.jpg 350w, https:\/\/www.buff.se\/wp-content\/uploads\/2023\/02\/Region-Skane_Fredrik-Sjogren_kortfilmspris-edited-300x169.jpg 300w\" sizes=\"auto, (max-width: 707px) 100vw, 707px\" \/><\/figure>\n\n\n\n<p><strong>Fredrik Sj\u00f6gren<\/strong><\/p>\n\n\n\n<p>Chairperson for the Department of Culture, Region Sk\u00e5ne.<\/p>\n<\/div>\n<\/div>\n\n\n\n<div class=\"wp-block-columns is-layout-flex wp-container-core-columns-is-layout-9d6595d7 wp-block-columns-is-layout-flex\">\n<div class=\"wp-block-column is-layout-flow wp-block-column-is-layout-flow\">\n<figure class=\"wp-block-image size-large\"><img loading=\"lazy\" decoding=\"async\" width=\"1350\" height=\"759\" src=\"https:\/\/www.buff.se\/wp-content\/uploads\/2023\/02\/Region_skane_Ylva-Skarsgard-jpg-edited.jpg\" alt=\"\" class=\"wp-image-52018\" srcset=\"https:\/\/www.buff.se\/wp-content\/uploads\/2023\/02\/Region_skane_Ylva-Skarsgard-jpg-edited.jpg 1350w, https:\/\/www.buff.se\/wp-content\/uploads\/2023\/02\/Region_skane_Ylva-Skarsgard-jpg-edited-350x197.jpg 350w, https:\/\/www.buff.se\/wp-content\/uploads\/2023\/02\/Region_skane_Ylva-Skarsgard-jpg-edited-1024x576.jpg 1024w, https:\/\/www.buff.se\/wp-content\/uploads\/2023\/02\/Region_skane_Ylva-Skarsgard-jpg-edited-768x432.jpg 768w, https:\/\/www.buff.se\/wp-content\/uploads\/2023\/02\/Region_skane_Ylva-Skarsgard-jpg-edited-300x169.jpg 300w\" sizes=\"auto, (max-width: 1350px) 100vw, 1350px\" \/><\/figure>\n\n\n\n<p><strong>Ylva Skarsg\u00e5rd<\/strong><\/p>\n\n\n\n<p>Festival producer Nordisk Panorama Film Festival.<\/p>\n<\/div>\n\n\n\n<div class=\"wp-block-column is-layout-flow wp-block-column-is-layout-flow\"><\/div>\n<\/div>\n\n\n\n<div style=\"height:51px\" aria-hidden=\"true\" class=\"wp-block-spacer\"><\/div>\n\n\n\n<h2 class=\"wp-block-heading\">Competing films:<\/h2>\n\n\n\n<div class=\"wp-block-columns is-layout-flex wp-container-core-columns-is-layout-9d6595d7 wp-block-columns-is-layout-flex\">\n<div class=\"wp-block-column is-layout-flow wp-block-column-is-layout-flow\">\t\t<a href=\"https:\/\/www.buff.se\/en\/filmer\/back-home\/\" \n\tclass=\"catalog-post catalog-item big-catalog-item \" \n\tdata-size=\"medium\">\n\t\t\t<img loading=\"lazy\" decoding=\"async\" width=\"640\" height=\"446\" src=\"https:\/\/www.buff.se\/wp-content\/uploads\/2023\/02\/buff-2023-back-home-film-still-photo-0-1742220-1024x713.jpg\" class=\"attachment-large size-large wp-post-image\" alt=\"\" srcset=\"https:\/\/www.buff.se\/wp-content\/uploads\/2023\/02\/buff-2023-back-home-film-still-photo-0-1742220-1024x713.jpg 1024w, https:\/\/www.buff.se\/wp-content\/uploads\/2023\/02\/buff-2023-back-home-film-still-photo-0-1742220-350x244.jpg 350w, https:\/\/www.buff.se\/wp-content\/uploads\/2023\/02\/buff-2023-back-home-film-still-photo-0-1742220-768x535.jpg 768w, https:\/\/www.buff.se\/wp-content\/uploads\/2023\/02\/buff-2023-back-home-film-still-photo-0-1742220-300x209.jpg 300w, https:\/\/www.buff.se\/wp-content\/uploads\/2023\/02\/buff-2023-back-home-film-still-photo-0-1742220.jpg 1293w\" sizes=\"auto, (max-width: 640px) 100vw, 640px\" \/>\t<div class=\"catalog-post-text\">\n\t\t\t\t\t<h4>Film<\/h4>\n\t\t\t\t\t\t\t<div>\n\t\t\t\t\t\t\t<h5 class=\"catalog-item-title balance-text\">Back Home<\/h5>\n\t\t\t\t\t\t\t\t\t<p class=\"short-desc\">\n\t\t\t\t\t\t\t\t\tAfter his parents have separated, Nit moves to an old house with his mum and younger sister. They struggle with their new existence where a family of four suddenly has become a family of three.\t\t\t\t\t\t\t<\/p>\n\t\t\t<\/div>\n\t\t\t\n<div class=\"doodle arrow-right\">\n    <img decoding=\"async\" class=\"style-svg\" src=\"https:\/\/www.buff.se\/wp-content\/uploads\/2023\/01\/short-arrow-4.svg\" alt=\"\"\/>\n<\/div>\t\t\t<\/div>\n<\/a>\t\t\t<\/div>\n\n\n\n<div class=\"wp-block-column is-layout-flow wp-block-column-is-layout-flow\">\t\t<a href=\"https:\/\/www.buff.se\/en\/filmer\/itch\/\" \n\tclass=\"catalog-post catalog-item big-catalog-item \" \n\tdata-size=\"medium\">\n\t\t\t<img loading=\"lazy\" decoding=\"async\" width=\"640\" height=\"360\" src=\"https:\/\/www.buff.se\/wp-content\/uploads\/2023\/02\/buff-2023-itch-film-still-photo-0-1752490-1024x576.jpg\" class=\"attachment-large size-large wp-post-image\" alt=\"\" srcset=\"https:\/\/www.buff.se\/wp-content\/uploads\/2023\/02\/buff-2023-itch-film-still-photo-0-1752490-1024x576.jpg 1024w, https:\/\/www.buff.se\/wp-content\/uploads\/2023\/02\/buff-2023-itch-film-still-photo-0-1752490-350x197.jpg 350w, https:\/\/www.buff.se\/wp-content\/uploads\/2023\/02\/buff-2023-itch-film-still-photo-0-1752490-768x432.jpg 768w, https:\/\/www.buff.se\/wp-content\/uploads\/2023\/02\/buff-2023-itch-film-still-photo-0-1752490-1536x864.jpg 1536w, https:\/\/www.buff.se\/wp-content\/uploads\/2023\/02\/buff-2023-itch-film-still-photo-0-1752490-300x169.jpg 300w, https:\/\/www.buff.se\/wp-content\/uploads\/2023\/02\/buff-2023-itch-film-still-photo-0-1752490.jpg 1600w\" sizes=\"auto, (max-width: 640px) 100vw, 640px\" \/>\t<div class=\"catalog-post-text\">\n\t\t\t\t\t<h4>Film<\/h4>\n\t\t\t\t\t\t\t<div>\n\t\t\t\t\t\t\t<h5 class=\"catalog-item-title balance-text\">Itch<\/h5>\n\t\t\t\t\t\t\t\t\t<p class=\"short-desc\">\n\t\t\t\t\t\t\t\t\tTwelve-year-old Omer and her sister have got head lice and their father comes home to help them out. But he doesn\u2019t stay. Omer devises a plan to keep the family together \u2013 with the help of the little itchy creatures.\t\t\t\t\t\t\t<\/p>\n\t\t\t<\/div>\n\t\t\t\n<div class=\"doodle arrow-right\">\n    <img decoding=\"async\" class=\"style-svg\" src=\"https:\/\/www.buff.se\/wp-content\/uploads\/2023\/01\/short-arrow-4.svg\" alt=\"\"\/>\n<\/div>\t\t\t<\/div>\n<\/a>\t\t\t<\/div>\n<\/div>\n\n\n\n<div class=\"wp-block-columns is-layout-flex wp-container-core-columns-is-layout-9d6595d7 wp-block-columns-is-layout-flex\">\n<div class=\"wp-block-column is-layout-flow wp-block-column-is-layout-flow\">\t\t<a href=\"https:\/\/www.buff.se\/en\/filmer\/dont-be-cruel\/\" \n\tclass=\"catalog-post catalog-item big-catalog-item \" \n\tdata-size=\"medium\">\n\t\t\t<img loading=\"lazy\" decoding=\"async\" width=\"640\" height=\"360\" src=\"https:\/\/www.buff.se\/wp-content\/uploads\/2023\/02\/buff-2023-don-t-be-cruel-film-still-photo-0-1756735-1-1024x576.jpg\" class=\"attachment-large size-large wp-post-image\" alt=\"\" srcset=\"https:\/\/www.buff.se\/wp-content\/uploads\/2023\/02\/buff-2023-don-t-be-cruel-film-still-photo-0-1756735-1-1024x576.jpg 1024w, https:\/\/www.buff.se\/wp-content\/uploads\/2023\/02\/buff-2023-don-t-be-cruel-film-still-photo-0-1756735-1-350x197.jpg 350w, https:\/\/www.buff.se\/wp-content\/uploads\/2023\/02\/buff-2023-don-t-be-cruel-film-still-photo-0-1756735-1-768x432.jpg 768w, https:\/\/www.buff.se\/wp-content\/uploads\/2023\/02\/buff-2023-don-t-be-cruel-film-still-photo-0-1756735-1-1536x864.jpg 1536w, https:\/\/www.buff.se\/wp-content\/uploads\/2023\/02\/buff-2023-don-t-be-cruel-film-still-photo-0-1756735-1-300x169.jpg 300w, https:\/\/www.buff.se\/wp-content\/uploads\/2023\/02\/buff-2023-don-t-be-cruel-film-still-photo-0-1756735-1.jpg 1600w\" sizes=\"auto, (max-width: 640px) 100vw, 640px\" \/>\t<div class=\"catalog-post-text\">\n\t\t\t\t\t<h4>Film<\/h4>\n\t\t\t\t\t\t\t<div>\n\t\t\t\t\t\t\t<h5 class=\"catalog-item-title balance-text\">Don&#8217;t Be Cruel<\/h5>\n\t\t\t\t\t\t\t\t\t<p class=\"short-desc\">\n\t\t\t\t\t\t\t\t\tHoping for a better life, Ninni and his Dad, an Elvis impersonator, travel to a wealthy seaside resort. When Ninni pretends to be a rich tourist and watches his Dad perform, he is shaken by the harsh reality.\t\t\t\t\t\t\t<\/p>\n\t\t\t<\/div>\n\t\t\t\n<div class=\"doodle arrow-right\">\n    <img decoding=\"async\" class=\"style-svg\" src=\"https:\/\/www.buff.se\/wp-content\/uploads\/2023\/01\/short-arrow-3.svg\" alt=\"\"\/>\n<\/div>\t\t\t<\/div>\n<\/a>\t\t\t<\/div>\n\n\n\n<div class=\"wp-block-column is-layout-flow wp-block-column-is-layout-flow\">\t\t<a href=\"https:\/\/www.buff.se\/en\/filmer\/crosshairs\/\" \n\tclass=\"catalog-post catalog-item big-catalog-item \" \n\tdata-size=\"medium\">\n\t\t\t<img loading=\"lazy\" decoding=\"async\" width=\"640\" height=\"360\" src=\"https:\/\/www.buff.se\/wp-content\/uploads\/2023\/02\/buff-2023-crosshairs-film-still-photo-0-1706703-1024x576.jpg\" class=\"attachment-large size-large wp-post-image\" alt=\"\" srcset=\"https:\/\/www.buff.se\/wp-content\/uploads\/2023\/02\/buff-2023-crosshairs-film-still-photo-0-1706703-1024x576.jpg 1024w, https:\/\/www.buff.se\/wp-content\/uploads\/2023\/02\/buff-2023-crosshairs-film-still-photo-0-1706703-350x197.jpg 350w, https:\/\/www.buff.se\/wp-content\/uploads\/2023\/02\/buff-2023-crosshairs-film-still-photo-0-1706703-768x432.jpg 768w, https:\/\/www.buff.se\/wp-content\/uploads\/2023\/02\/buff-2023-crosshairs-film-still-photo-0-1706703-1536x864.jpg 1536w, https:\/\/www.buff.se\/wp-content\/uploads\/2023\/02\/buff-2023-crosshairs-film-still-photo-0-1706703-300x169.jpg 300w, https:\/\/www.buff.se\/wp-content\/uploads\/2023\/02\/buff-2023-crosshairs-film-still-photo-0-1706703.jpg 1600w\" sizes=\"auto, (max-width: 640px) 100vw, 640px\" \/>\t<div class=\"catalog-post-text\">\n\t\t\t\t\t<h4>Film<\/h4>\n\t\t\t\t\t\t\t<div>\n\t\t\t\t\t\t\t<h5 class=\"catalog-item-title balance-text\">Crosshairs<\/h5>\n\t\t\t\t\t\t\t\t\t<p class=\"short-desc\">\n\t\t\t\t\t\t\t\t\tTwo friends, Harvey and Danny, steal an air rifle and take it to the countryside to try it out. But things don\u2019t go as planned \u2013 their budding friendship is shaken when their quest for adventure ends in bloodshed.\t\t\t\t\t\t\t<\/p>\n\t\t\t<\/div>\n\t\t\t\n<div class=\"doodle arrow-right\">\n    <img decoding=\"async\" class=\"style-svg\" src=\"https:\/\/www.buff.se\/wp-content\/uploads\/2023\/01\/short-arrow-3.svg\" alt=\"\"\/>\n<\/div>\t\t\t<\/div>\n<\/a>\t\t\t<\/div>\n<\/div>\n\n\n\n<div class=\"wp-block-columns is-layout-flex wp-container-core-columns-is-layout-9d6595d7 wp-block-columns-is-layout-flex\">\n<div class=\"wp-block-column is-layout-flow wp-block-column-is-layout-flow\">\t\t<a href=\"https:\/\/www.buff.se\/en\/filmer\/hooves-beat\/\" \n\tclass=\"catalog-post catalog-item big-catalog-item \" \n\tdata-size=\"medium\">\n\t\t\t<img loading=\"lazy\" decoding=\"async\" width=\"640\" height=\"337\" src=\"https:\/\/www.buff.se\/wp-content\/uploads\/2023\/02\/buff-2023-hooves-beat-film-still-photo-0-1668263-1024x539.jpg\" class=\"attachment-large size-large wp-post-image\" alt=\"\" srcset=\"https:\/\/www.buff.se\/wp-content\/uploads\/2023\/02\/buff-2023-hooves-beat-film-still-photo-0-1668263-1024x539.jpg 1024w, https:\/\/www.buff.se\/wp-content\/uploads\/2023\/02\/buff-2023-hooves-beat-film-still-photo-0-1668263-350x184.jpg 350w, https:\/\/www.buff.se\/wp-content\/uploads\/2023\/02\/buff-2023-hooves-beat-film-still-photo-0-1668263-768x404.jpg 768w, https:\/\/www.buff.se\/wp-content\/uploads\/2023\/02\/buff-2023-hooves-beat-film-still-photo-0-1668263-300x158.jpg 300w, https:\/\/www.buff.se\/wp-content\/uploads\/2023\/02\/buff-2023-hooves-beat-film-still-photo-0-1668263.jpg 1276w\" sizes=\"auto, (max-width: 640px) 100vw, 640px\" \/>\t<div class=\"catalog-post-text\">\n\t\t\t\t\t<h4>Film<\/h4>\n\t\t\t\t\t\t\t<div>\n\t\t\t\t\t\t\t<h5 class=\"catalog-item-title balance-text\">Hooves Beat<\/h5>\n\t\t\t\t\t\t\t\t\t<p class=\"short-desc\">\n\t\t\t\t\t\t\t\t\tTino lives in a border town in Kurdistan with his parents and his beloved horse. When the horse gets into danger, Tino has to make a life-altering decision. A visually striking and moving debut film.\t\t\t\t\t\t\t<\/p>\n\t\t\t<\/div>\n\t\t\t\n<div class=\"doodle arrow-right\">\n    <img decoding=\"async\" class=\"style-svg\" src=\"https:\/\/www.buff.se\/wp-content\/uploads\/2023\/01\/short-arrow-1.svg\" alt=\"\"\/>\n<\/div>\t\t\t<\/div>\n<\/a>\t\t\t<\/div>\n\n\n\n<div class=\"wp-block-column is-layout-flow wp-block-column-is-layout-flow\">\t\t<a href=\"https:\/\/www.buff.se\/en\/filmer\/iii\/\" \n\tclass=\"catalog-post catalog-item big-catalog-item \" \n\tdata-size=\"medium\">\n\t\t\t<img loading=\"lazy\" decoding=\"async\" width=\"640\" height=\"356\" src=\"https:\/\/www.buff.se\/wp-content\/uploads\/2023\/02\/salome-villeneuve-short-film.jpg\" class=\"attachment-large size-large wp-post-image\" alt=\"\" srcset=\"https:\/\/www.buff.se\/wp-content\/uploads\/2023\/02\/salome-villeneuve-short-film.jpg 979w, https:\/\/www.buff.se\/wp-content\/uploads\/2023\/02\/salome-villeneuve-short-film-350x194.jpg 350w, https:\/\/www.buff.se\/wp-content\/uploads\/2023\/02\/salome-villeneuve-short-film-768x427.jpg 768w, https:\/\/www.buff.se\/wp-content\/uploads\/2023\/02\/salome-villeneuve-short-film-300x167.jpg 300w\" sizes=\"auto, (max-width: 640px) 100vw, 640px\" \/>\t<div class=\"catalog-post-text\">\n\t\t\t\t\t<h4>Film<\/h4>\n\t\t\t\t\t\t\t<div>\n\t\t\t\t\t\t\t<h5 class=\"catalog-item-title balance-text\">III<\/h5>\n\t\t\t\t\t\t\t\t\t<p class=\"short-desc\">\n\t\t\t\t\t\t\t\t\tIt\u2019s a hot summer day and three siblings are playing by the lake shore. In their encounter with nature they are confronted with death for the first time. A beautiful film, almost without dialogue.\t\t\t\t\t\t\t<\/p>\n\t\t\t<\/div>\n\t\t\t\n<div class=\"doodle arrow-right\">\n    <img decoding=\"async\" class=\"style-svg\" src=\"https:\/\/www.buff.se\/wp-content\/uploads\/2023\/01\/short-arrow-4.svg\" alt=\"\"\/>\n<\/div>\t\t\t<\/div>\n<\/a>\t\t\t<\/div>\n<\/div>\n\n\n\n<div class=\"wp-block-columns is-layout-flex wp-container-core-columns-is-layout-9d6595d7 wp-block-columns-is-layout-flex\">\n<div class=\"wp-block-column is-layout-flow wp-block-column-is-layout-flow\">\t\t<a href=\"https:\/\/www.buff.se\/en\/filmer\/magma\/\" \n\tclass=\"catalog-post catalog-item big-catalog-item \" \n\tdata-size=\"medium\">\n\t\t\t<img loading=\"lazy\" decoding=\"async\" width=\"640\" height=\"480\" src=\"https:\/\/www.buff.se\/wp-content\/uploads\/2023\/02\/BUFF23_Magma_1-1024x768.jpg\" class=\"attachment-large size-large wp-post-image\" alt=\"\" srcset=\"https:\/\/www.buff.se\/wp-content\/uploads\/2023\/02\/BUFF23_Magma_1-1024x768.jpg 1024w, https:\/\/www.buff.se\/wp-content\/uploads\/2023\/02\/BUFF23_Magma_1-350x263.jpg 350w, https:\/\/www.buff.se\/wp-content\/uploads\/2023\/02\/BUFF23_Magma_1-768x576.jpg 768w, https:\/\/www.buff.se\/wp-content\/uploads\/2023\/02\/BUFF23_Magma_1-300x225.jpg 300w, https:\/\/www.buff.se\/wp-content\/uploads\/2023\/02\/BUFF23_Magma_1.jpg 1200w\" sizes=\"auto, (max-width: 640px) 100vw, 640px\" \/>\t<div class=\"catalog-post-text\">\n\t\t\t\t\t<h4>Film<\/h4>\n\t\t\t\t\t\t\t<div>\n\t\t\t\t\t\t\t<h5 class=\"catalog-item-title balance-text\">Magma<\/h5>\n\t\t\t\t\t\t\t\t\t<p class=\"short-desc\">\n\t\t\t\t\t\t\t\t\tAt first glance, nine-year-old Esra might seem quiet and introverted but on the inside, there is a rollercoaster of emotions. There is a lot to process: Dad needs help, and she\u2019s at a new school.\t\t\t\t\t\t\t<\/p>\n\t\t\t<\/div>\n\t\t\t\n<div class=\"doodle arrow-right\">\n    <img decoding=\"async\" class=\"style-svg\" src=\"https:\/\/www.buff.se\/wp-content\/uploads\/2023\/01\/short-arrow-2.svg\" alt=\"\"\/>\n<\/div>\t\t\t<\/div>\n<\/a>\t\t\t<\/div>\n\n\n\n<div class=\"wp-block-column is-layout-flow wp-block-column-is-layout-flow\">\t\t<a href=\"https:\/\/www.buff.se\/en\/filmer\/outside\/\" \n\tclass=\"catalog-post catalog-item big-catalog-item \" \n\tdata-size=\"medium\">\n\t\t\t<img loading=\"lazy\" decoding=\"async\" width=\"640\" height=\"383\" src=\"https:\/\/www.buff.se\/wp-content\/uploads\/2023\/02\/buff-2023-outside-buiten-1024x612.jpg\" class=\"attachment-large size-large wp-post-image\" alt=\"\" srcset=\"https:\/\/www.buff.se\/wp-content\/uploads\/2023\/02\/buff-2023-outside-buiten-1024x612.jpg 1024w, https:\/\/www.buff.se\/wp-content\/uploads\/2023\/02\/buff-2023-outside-buiten-350x209.jpg 350w, https:\/\/www.buff.se\/wp-content\/uploads\/2023\/02\/buff-2023-outside-buiten-768x459.jpg 768w, https:\/\/www.buff.se\/wp-content\/uploads\/2023\/02\/buff-2023-outside-buiten-1536x919.jpg 1536w, https:\/\/www.buff.se\/wp-content\/uploads\/2023\/02\/buff-2023-outside-buiten-300x179.jpg 300w, https:\/\/www.buff.se\/wp-content\/uploads\/2023\/02\/buff-2023-outside-buiten.jpg 1600w\" sizes=\"auto, (max-width: 640px) 100vw, 640px\" \/>\t<div class=\"catalog-post-text\">\n\t\t\t\t\t<h4>Film<\/h4>\n\t\t\t\t\t\t\t<div>\n\t\t\t\t\t\t\t<h5 class=\"catalog-item-title balance-text\">Outside<\/h5>\n\t\t\t\t\t\t\t\t\t<p class=\"short-desc\">\n\t\t\t\t\t\t\t\t\tFynn thinks that she is big enough and cool enough to hang out on her own in her neighbourhood. But things don\u2019t go as planned and problems crop up along the way. A film about growing up, doing the right thing and finding one\u2019s place.\t\t\t\t\t\t\t<\/p>\n\t\t\t<\/div>\n\t\t\t\n<div class=\"doodle arrow-right\">\n    <img decoding=\"async\" class=\"style-svg\" src=\"https:\/\/www.buff.se\/wp-content\/uploads\/2023\/01\/short-arrow-1.svg\" alt=\"\"\/>\n<\/div>\t\t\t<\/div>\n<\/a>\t\t\t<\/div>\n<\/div>\n","protected":false},"excerpt":{"rendered":"<p>The Region Sk\u00e5ne Short Film Award Region Sk\u00e5ne\u2019s Cultural Board established the award with the purpose of raising the status and importance of short film within the children and youth film genre. The award is given to the filmmaker who made the festival&#8217;s best short film. Quality and innovation are important criteria when selecting the [&hellip;]<\/p>\n","protected":false},"author":2,"featured_media":52944,"comment_status":"closed","ping_status":"open","sticky":false,"template":"","format":"standard","meta":{"_acf_changed":false,"inline_featured_image":false,"footnotes":""},"categories":[1262],"tags":[],"class_list":["post-52029","post","type-post","status-publish","format-standard","has-post-thumbnail","hentry","category-buff-2023-2"],"acf":[],"yoast_head":"<!-- This site is optimized with the Yoast SEO plugin v27.2 - https:\/\/yoast.com\/product\/yoast-seo-wordpress\/ -->\n<title>Competition: best short film - BUFF Malm\u00f6<\/title>\n<meta name=\"robots\" content=\"index, follow, max-snippet:-1, max-image-preview:large, max-video-preview:-1\" \/>\n<link rel=\"canonical\" href=\"https:\/\/www.buff.se\/en\/buff-2023-2\/competition-best-short-film\/\" \/>\n<meta property=\"og:locale\" content=\"en_US\" \/>\n<meta property=\"og:type\" content=\"article\" \/>\n<meta property=\"og:title\" content=\"Competition: best short film - BUFF Malm\u00f6\" \/>\n<meta property=\"og:description\" content=\"The Region Sk\u00e5ne Short Film Award Region Sk\u00e5ne\u2019s Cultural Board established the award with the purpose of raising the status and importance of short film within the children and youth film genre. The award is given to the filmmaker who made the festival&#8217;s best short film. Quality and innovation are important criteria when selecting the [&hellip;]\" \/>\n<meta property=\"og:url\" content=\"https:\/\/www.buff.se\/en\/buff-2023-2\/competition-best-short-film\/\" \/>\n<meta property=\"og:site_name\" content=\"BUFF Malm\u00f6\" \/>\n<meta property=\"article:publisher\" content=\"https:\/\/www.facebook.com\/buff.festival\/\" \/>\n<meta property=\"article:published_time\" content=\"2023-02-13T12:14:48+00:00\" \/>\n<meta property=\"article:modified_time\" content=\"2023-02-13T19:12:24+00:00\" \/>\n<meta property=\"og:image\" content=\"https:\/\/www.buff.se\/wp-content\/uploads\/2023\/02\/dont-be-cruel-elvis.jpg\" \/>\n\t<meta property=\"og:image:width\" content=\"1366\" \/>\n\t<meta property=\"og:image:height\" content=\"900\" \/>\n\t<meta property=\"og:image:type\" content=\"image\/jpeg\" \/>\n<meta name=\"author\" content=\"BUFF\" \/>\n<meta name=\"twitter:card\" content=\"summary_large_image\" \/>\n<meta name=\"twitter:creator\" content=\"@BUFF_Malmo\" \/>\n<meta name=\"twitter:site\" content=\"@BUFF_Malmo\" \/>\n<meta name=\"twitter:label1\" content=\"Written by\" \/>\n\t<meta name=\"twitter:data1\" content=\"BUFF\" \/>\n\t<meta name=\"twitter:label2\" content=\"Est. reading time\" \/>\n\t<meta name=\"twitter:data2\" content=\"2 minutes\" \/>\n<script type=\"application\/ld+json\" class=\"yoast-schema-graph\">{\"@context\":\"https:\/\/schema.org\",\"@graph\":[{\"@type\":\"Article\",\"@id\":\"https:\/\/www.buff.se\/en\/buff-2023-2\/competition-best-short-film\/#article\",\"isPartOf\":{\"@id\":\"https:\/\/www.buff.se\/en\/buff-2023-2\/competition-best-short-film\/\"},\"author\":{\"name\":\"BUFF\",\"@id\":\"https:\/\/makesmefeel.com\/demo\/#\/schema\/person\/052f80936b7c33fdc3da068c5db68171\"},\"headline\":\"Competition: best short film\",\"datePublished\":\"2023-02-13T12:14:48+00:00\",\"dateModified\":\"2023-02-13T19:12:24+00:00\",\"mainEntityOfPage\":{\"@id\":\"https:\/\/www.buff.se\/en\/buff-2023-2\/competition-best-short-film\/\"},\"wordCount\":163,\"publisher\":{\"@id\":\"https:\/\/makesmefeel.com\/demo\/#organization\"},\"image\":{\"@id\":\"https:\/\/www.buff.se\/en\/buff-2023-2\/competition-best-short-film\/#primaryimage\"},\"thumbnailUrl\":\"https:\/\/www.buff.se\/wp-content\/uploads\/2023\/02\/buff-2023-don-t-be-cruel-film-still-photo-0-1756737.jpg\",\"articleSection\":[\"BUFF 2023\"],\"inLanguage\":\"en-US\"},{\"@type\":\"WebPage\",\"@id\":\"https:\/\/www.buff.se\/en\/buff-2023-2\/competition-best-short-film\/\",\"url\":\"https:\/\/www.buff.se\/en\/buff-2023-2\/competition-best-short-film\/\",\"name\":\"Competition: best short film - BUFF Malm\u00f6\",\"isPartOf\":{\"@id\":\"https:\/\/makesmefeel.com\/demo\/#website\"},\"primaryImageOfPage\":{\"@id\":\"https:\/\/www.buff.se\/en\/buff-2023-2\/competition-best-short-film\/#primaryimage\"},\"image\":{\"@id\":\"https:\/\/www.buff.se\/en\/buff-2023-2\/competition-best-short-film\/#primaryimage\"},\"thumbnailUrl\":\"https:\/\/www.buff.se\/wp-content\/uploads\/2023\/02\/buff-2023-don-t-be-cruel-film-still-photo-0-1756737.jpg\",\"datePublished\":\"2023-02-13T12:14:48+00:00\",\"dateModified\":\"2023-02-13T19:12:24+00:00\",\"breadcrumb\":{\"@id\":\"https:\/\/www.buff.se\/en\/buff-2023-2\/competition-best-short-film\/#breadcrumb\"},\"inLanguage\":\"en-US\",\"potentialAction\":[{\"@type\":\"ReadAction\",\"target\":[\"https:\/\/www.buff.se\/en\/buff-2023-2\/competition-best-short-film\/\"]}]},{\"@type\":\"ImageObject\",\"inLanguage\":\"en-US\",\"@id\":\"https:\/\/www.buff.se\/en\/buff-2023-2\/competition-best-short-film\/#primaryimage\",\"url\":\"https:\/\/www.buff.se\/wp-content\/uploads\/2023\/02\/buff-2023-don-t-be-cruel-film-still-photo-0-1756737.jpg\",\"contentUrl\":\"https:\/\/www.buff.se\/wp-content\/uploads\/2023\/02\/buff-2023-don-t-be-cruel-film-still-photo-0-1756737.jpg\",\"width\":1600,\"height\":900},{\"@type\":\"BreadcrumbList\",\"@id\":\"https:\/\/www.buff.se\/en\/buff-2023-2\/competition-best-short-film\/#breadcrumb\",\"itemListElement\":[{\"@type\":\"ListItem\",\"position\":1,\"name\":\"Hem\",\"item\":\"https:\/\/www.buff.se\/en\/\"},{\"@type\":\"ListItem\",\"position\":2,\"name\":\"Competition: best short film\"}]},{\"@type\":\"WebSite\",\"@id\":\"https:\/\/makesmefeel.com\/demo\/#website\",\"url\":\"https:\/\/makesmefeel.com\/demo\/\",\"name\":\"BUFF Malm\u00f6\",\"description\":\"Barn- och ungdomsfilmfestival\",\"publisher\":{\"@id\":\"https:\/\/makesmefeel.com\/demo\/#organization\"},\"potentialAction\":[{\"@type\":\"SearchAction\",\"target\":{\"@type\":\"EntryPoint\",\"urlTemplate\":\"https:\/\/makesmefeel.com\/demo\/?s={search_term_string}\"},\"query-input\":{\"@type\":\"PropertyValueSpecification\",\"valueRequired\":true,\"valueName\":\"search_term_string\"}}],\"inLanguage\":\"en-US\"},{\"@type\":\"Organization\",\"@id\":\"https:\/\/makesmefeel.com\/demo\/#organization\",\"name\":\"BUFF Malm\u00f6\",\"url\":\"https:\/\/makesmefeel.com\/demo\/\",\"logo\":{\"@type\":\"ImageObject\",\"inLanguage\":\"en-US\",\"@id\":\"https:\/\/makesmefeel.com\/demo\/#\/schema\/logo\/image\/\",\"url\":\"https:\/\/www.buff.se\/wp-content\/uploads\/2021\/10\/buff-logo.svg\",\"contentUrl\":\"https:\/\/www.buff.se\/wp-content\/uploads\/2021\/10\/buff-logo.svg\",\"caption\":\"BUFF Malm\u00f6\"},\"image\":{\"@id\":\"https:\/\/makesmefeel.com\/demo\/#\/schema\/logo\/image\/\"},\"sameAs\":[\"https:\/\/www.facebook.com\/buff.festival\/\",\"https:\/\/x.com\/BUFF_Malmo\",\"https:\/\/www.instagram.com\/buff_malmo\/\"]},{\"@type\":\"Person\",\"@id\":\"https:\/\/makesmefeel.com\/demo\/#\/schema\/person\/052f80936b7c33fdc3da068c5db68171\",\"name\":\"BUFF\",\"image\":{\"@type\":\"ImageObject\",\"inLanguage\":\"en-US\",\"@id\":\"https:\/\/secure.gravatar.com\/avatar\/3321bf87f07638661dea0b000d943abc703693cca05aa15907eb76497a967270?s=96&d=mm&r=g\",\"url\":\"https:\/\/secure.gravatar.com\/avatar\/3321bf87f07638661dea0b000d943abc703693cca05aa15907eb76497a967270?s=96&d=mm&r=g\",\"contentUrl\":\"https:\/\/secure.gravatar.com\/avatar\/3321bf87f07638661dea0b000d943abc703693cca05aa15907eb76497a967270?s=96&d=mm&r=g\",\"caption\":\"BUFF\"},\"sameAs\":[\"https:\/\/www.buff.se\"],\"url\":\"\/#\"}]}<\/script>\n<!-- \/ Yoast SEO plugin. -->","yoast_head_json":{"title":"Competition: best short film - BUFF Malm\u00f6","robots":{"index":"index","follow":"follow","max-snippet":"max-snippet:-1","max-image-preview":"max-image-preview:large","max-video-preview":"max-video-preview:-1"},"canonical":"https:\/\/www.buff.se\/en\/buff-2023-2\/competition-best-short-film\/","og_locale":"en_US","og_type":"article","og_title":"Competition: best short film - BUFF Malm\u00f6","og_description":"The Region Sk\u00e5ne Short Film Award Region Sk\u00e5ne\u2019s Cultural Board established the award with the purpose of raising the status and importance of short film within the children and youth film genre. The award is given to the filmmaker who made the festival&#8217;s best short film. Quality and innovation are important criteria when selecting the [&hellip;]","og_url":"https:\/\/www.buff.se\/en\/buff-2023-2\/competition-best-short-film\/","og_site_name":"BUFF Malm\u00f6","article_publisher":"https:\/\/www.facebook.com\/buff.festival\/","article_published_time":"2023-02-13T12:14:48+00:00","article_modified_time":"2023-02-13T19:12:24+00:00","og_image":[{"width":1366,"height":900,"url":"https:\/\/www.buff.se\/wp-content\/uploads\/2023\/02\/dont-be-cruel-elvis.jpg","type":"image\/jpeg"}],"author":"BUFF","twitter_card":"summary_large_image","twitter_creator":"@BUFF_Malmo","twitter_site":"@BUFF_Malmo","twitter_misc":{"Written by":"BUFF","Est. reading time":"2 minutes"},"schema":{"@context":"https:\/\/schema.org","@graph":[{"@type":"Article","@id":"https:\/\/www.buff.se\/en\/buff-2023-2\/competition-best-short-film\/#article","isPartOf":{"@id":"https:\/\/www.buff.se\/en\/buff-2023-2\/competition-best-short-film\/"},"author":{"name":"BUFF","@id":"https:\/\/makesmefeel.com\/demo\/#\/schema\/person\/052f80936b7c33fdc3da068c5db68171"},"headline":"Competition: best short film","datePublished":"2023-02-13T12:14:48+00:00","dateModified":"2023-02-13T19:12:24+00:00","mainEntityOfPage":{"@id":"https:\/\/www.buff.se\/en\/buff-2023-2\/competition-best-short-film\/"},"wordCount":163,"publisher":{"@id":"https:\/\/makesmefeel.com\/demo\/#organization"},"image":{"@id":"https:\/\/www.buff.se\/en\/buff-2023-2\/competition-best-short-film\/#primaryimage"},"thumbnailUrl":"https:\/\/www.buff.se\/wp-content\/uploads\/2023\/02\/buff-2023-don-t-be-cruel-film-still-photo-0-1756737.jpg","articleSection":["BUFF 2023"],"inLanguage":"en-US"},{"@type":"WebPage","@id":"https:\/\/www.buff.se\/en\/buff-2023-2\/competition-best-short-film\/","url":"https:\/\/www.buff.se\/en\/buff-2023-2\/competition-best-short-film\/","name":"Competition: best short film - BUFF Malm\u00f6","isPartOf":{"@id":"https:\/\/makesmefeel.com\/demo\/#website"},"primaryImageOfPage":{"@id":"https:\/\/www.buff.se\/en\/buff-2023-2\/competition-best-short-film\/#primaryimage"},"image":{"@id":"https:\/\/www.buff.se\/en\/buff-2023-2\/competition-best-short-film\/#primaryimage"},"thumbnailUrl":"https:\/\/www.buff.se\/wp-content\/uploads\/2023\/02\/buff-2023-don-t-be-cruel-film-still-photo-0-1756737.jpg","datePublished":"2023-02-13T12:14:48+00:00","dateModified":"2023-02-13T19:12:24+00:00","breadcrumb":{"@id":"https:\/\/www.buff.se\/en\/buff-2023-2\/competition-best-short-film\/#breadcrumb"},"inLanguage":"en-US","potentialAction":[{"@type":"ReadAction","target":["https:\/\/www.buff.se\/en\/buff-2023-2\/competition-best-short-film\/"]}]},{"@type":"ImageObject","inLanguage":"en-US","@id":"https:\/\/www.buff.se\/en\/buff-2023-2\/competition-best-short-film\/#primaryimage","url":"https:\/\/www.buff.se\/wp-content\/uploads\/2023\/02\/buff-2023-don-t-be-cruel-film-still-photo-0-1756737.jpg","contentUrl":"https:\/\/www.buff.se\/wp-content\/uploads\/2023\/02\/buff-2023-don-t-be-cruel-film-still-photo-0-1756737.jpg","width":1600,"height":900},{"@type":"BreadcrumbList","@id":"https:\/\/www.buff.se\/en\/buff-2023-2\/competition-best-short-film\/#breadcrumb","itemListElement":[{"@type":"ListItem","position":1,"name":"Hem","item":"https:\/\/www.buff.se\/en\/"},{"@type":"ListItem","position":2,"name":"Competition: best short film"}]},{"@type":"WebSite","@id":"https:\/\/makesmefeel.com\/demo\/#website","url":"https:\/\/makesmefeel.com\/demo\/","name":"BUFF Malm\u00f6","description":"Barn- och ungdomsfilmfestival","publisher":{"@id":"https:\/\/makesmefeel.com\/demo\/#organization"},"potentialAction":[{"@type":"SearchAction","target":{"@type":"EntryPoint","urlTemplate":"https:\/\/makesmefeel.com\/demo\/?s={search_term_string}"},"query-input":{"@type":"PropertyValueSpecification","valueRequired":true,"valueName":"search_term_string"}}],"inLanguage":"en-US"},{"@type":"Organization","@id":"https:\/\/makesmefeel.com\/demo\/#organization","name":"BUFF Malm\u00f6","url":"https:\/\/makesmefeel.com\/demo\/","logo":{"@type":"ImageObject","inLanguage":"en-US","@id":"https:\/\/makesmefeel.com\/demo\/#\/schema\/logo\/image\/","url":"https:\/\/www.buff.se\/wp-content\/uploads\/2021\/10\/buff-logo.svg","contentUrl":"https:\/\/www.buff.se\/wp-content\/uploads\/2021\/10\/buff-logo.svg","caption":"BUFF Malm\u00f6"},"image":{"@id":"https:\/\/makesmefeel.com\/demo\/#\/schema\/logo\/image\/"},"sameAs":["https:\/\/www.facebook.com\/buff.festival\/","https:\/\/x.com\/BUFF_Malmo","https:\/\/www.instagram.com\/buff_malmo\/"]},{"@type":"Person","@id":"https:\/\/makesmefeel.com\/demo\/#\/schema\/person\/052f80936b7c33fdc3da068c5db68171","name":"BUFF","image":{"@type":"ImageObject","inLanguage":"en-US","@id":"https:\/\/secure.gravatar.com\/avatar\/3321bf87f07638661dea0b000d943abc703693cca05aa15907eb76497a967270?s=96&d=mm&r=g","url":"https:\/\/secure.gravatar.com\/avatar\/3321bf87f07638661dea0b000d943abc703693cca05aa15907eb76497a967270?s=96&d=mm&r=g","contentUrl":"https:\/\/secure.gravatar.com\/avatar\/3321bf87f07638661dea0b000d943abc703693cca05aa15907eb76497a967270?s=96&d=mm&r=g","caption":"BUFF"},"sameAs":["https:\/\/www.buff.se"],"url":"\/#"}]}},"_links":{"self":[{"href":"https:\/\/www.buff.se\/en\/wp-json\/wp\/v2\/posts\/52029","targetHints":{"allow":["GET"]}}],"collection":[{"href":"https:\/\/www.buff.se\/en\/wp-json\/wp\/v2\/posts"}],"about":[{"href":"https:\/\/www.buff.se\/en\/wp-json\/wp\/v2\/types\/post"}],"author":[{"embeddable":true,"href":"https:\/\/www.buff.se\/en\/wp-json\/wp\/v2\/users\/2"}],"replies":[{"embeddable":true,"href":"https:\/\/www.buff.se\/en\/wp-json\/wp\/v2\/comments?post=52029"}],"version-history":[{"count":6,"href":"https:\/\/www.buff.se\/en\/wp-json\/wp\/v2\/posts\/52029\/revisions"}],"predecessor-version":[{"id":52451,"href":"https:\/\/www.buff.se\/en\/wp-json\/wp\/v2\/posts\/52029\/revisions\/52451"}],"wp:featuredmedia":[{"embeddable":true,"href":"https:\/\/www.buff.se\/en\/wp-json\/wp\/v2\/media\/52944"}],"wp:attachment":[{"href":"https:\/\/www.buff.se\/en\/wp-json\/wp\/v2\/media?parent=52029"}],"wp:term":[{"taxonomy":"category","embeddable":true,"href":"https:\/\/www.buff.se\/en\/wp-json\/wp\/v2\/categories?post=52029"},{"taxonomy":"post_tag","embeddable":true,"href":"https:\/\/www.buff.se\/en\/wp-json\/wp\/v2\/tags?post=52029"}],"curies":[{"name":"wp","href":"https:\/\/api.w.org\/{rel}","templated":true}]}}