{"id":52023,"date":"2023-02-13T13:22:38","date_gmt":"2023-02-13T12:22:38","guid":{"rendered":"https:\/\/www.buff.se\/?p=52023"},"modified":"2023-02-13T20:13:09","modified_gmt":"2023-02-13T19:13:09","slug":"competition-best-childrens-film","status":"publish","type":"post","link":"https:\/\/www.buff.se\/en\/buff-2023-2\/competition-best-childrens-film\/","title":{"rendered":"Competition: best children\u2019s film"},"content":{"rendered":"\n<p>The City of Malm\u00f6 Children\u2019s Film Award goes to the filmmaker who according to the prize committee, has directed the best children\u2019s film. The winning film must be innovative and of excellent quality.<br \/><br \/>Prize money: 100 000 Swedish kronor.<\/p>\n\n\n\n<div style=\"height:49px\" aria-hidden=\"true\" class=\"wp-block-spacer\"><\/div>\n\n\n\n<h2 class=\"wp-block-heading\">Jury<\/h2>\n\n\n\n<div class=\"wp-block-columns is-layout-flex wp-container-core-columns-is-layout-9d6595d7 wp-block-columns-is-layout-flex\">\n<div class=\"wp-block-column is-layout-flow wp-block-column-is-layout-flow\">\n<figure class=\"wp-block-image size-full\"><img loading=\"lazy\" decoding=\"async\" width=\"600\" height=\"900\" src=\"https:\/\/www.buff.se\/wp-content\/uploads\/2023\/02\/Malmo-Stad_Ann-Korling-BUFF-edited.jpg\" alt=\"\" class=\"wp-image-51949\" srcset=\"https:\/\/www.buff.se\/wp-content\/uploads\/2023\/02\/Malmo-Stad_Ann-Korling-BUFF-edited.jpg 600w, https:\/\/www.buff.se\/wp-content\/uploads\/2023\/02\/Malmo-Stad_Ann-Korling-BUFF-edited-233x350.jpg 233w, https:\/\/www.buff.se\/wp-content\/uploads\/2023\/02\/Malmo-Stad_Ann-Korling-BUFF-edited-300x450.jpg 300w\" sizes=\"auto, (max-width: 600px) 100vw, 600px\" \/><\/figure>\n\n\n\n<p><strong>Ann K\u00f6rling<\/strong><\/p>\n\n\n\n<p>Ann K\u00f6rling is Strategic Developer at the Department of Culture, City of Malm\u00f6.&nbsp;Jury veteran for The City of Malm\u00f6 Children\u2019s Film Award.<\/p>\n\n\n\n\n<\/div>\n\n\n\n<div class=\"wp-block-column is-layout-flow wp-block-column-is-layout-flow\">\n<figure class=\"wp-block-image size-large\"><img loading=\"lazy\" decoding=\"async\" width=\"600\" height=\"900\" src=\"https:\/\/www.buff.se\/wp-content\/uploads\/2023\/02\/Malmo-stad_Torbjorn-Jansson-edited.jpg\" alt=\"\" class=\"wp-image-51951\" srcset=\"https:\/\/www.buff.se\/wp-content\/uploads\/2023\/02\/Malmo-stad_Torbjorn-Jansson-edited.jpg 600w, https:\/\/www.buff.se\/wp-content\/uploads\/2023\/02\/Malmo-stad_Torbjorn-Jansson-edited-233x350.jpg 233w, https:\/\/www.buff.se\/wp-content\/uploads\/2023\/02\/Malmo-stad_Torbjorn-Jansson-edited-300x450.jpg 300w\" sizes=\"auto, (max-width: 600px) 100vw, 600px\" \/><\/figure>\n\n\n\n<p><strong>Torbj\u00f6rn Jansson<\/strong><\/p>\n\n\n\n<p>Scriptwriter and director who for over 30 years has created entertainment for children for all kinds of media; animation, books, puppets, TV Christmas calendars, video games, film musicals. Torbj\u00f6rn really likes disco.<\/p>\n<\/div>\n\n\n\n<div class=\"wp-block-column is-layout-flow wp-block-column-is-layout-flow\">\n<figure class=\"wp-block-image size-full\"><img loading=\"lazy\" decoding=\"async\" width=\"600\" height=\"900\" src=\"https:\/\/www.buff.se\/wp-content\/uploads\/2023\/02\/MAlmo-stads-jury_Christian-Ryltenius-edited.jpg\" alt=\"\" class=\"wp-image-51953\" srcset=\"https:\/\/www.buff.se\/wp-content\/uploads\/2023\/02\/MAlmo-stads-jury_Christian-Ryltenius-edited.jpg 600w, https:\/\/www.buff.se\/wp-content\/uploads\/2023\/02\/MAlmo-stads-jury_Christian-Ryltenius-edited-233x350.jpg 233w, https:\/\/www.buff.se\/wp-content\/uploads\/2023\/02\/MAlmo-stads-jury_Christian-Ryltenius-edited-300x450.jpg 300w\" sizes=\"auto, (max-width: 600px) 100vw, 600px\" \/><\/figure>\n\n\n\n<p><strong>Christian Ryltenius<\/strong><\/p>\n\n\n\n<p>Director at Malm\u00f6-based Sluggerfilm. \u201cGreat fun to be part of the jury for The City of Malm\u00f6 Children\u2019s Film Award, especially during this magical BUFF anniversary\u201d.<\/p>\n<\/div>\n<\/div>\n\n\n\n<div class=\"wp-block-columns is-layout-flex wp-container-core-columns-is-layout-9d6595d7 wp-block-columns-is-layout-flex\">\n<div class=\"wp-block-column is-layout-flow wp-block-column-is-layout-flow\">\n<figure class=\"wp-block-image size-full is-resized\"><img decoding=\"async\" src=\"https:\/\/www.buff.se\/wp-content\/uploads\/2023\/02\/Malmo-stad_-Nicola-Rabi-2023-edited-1.jpg\" alt=\"\" class=\"wp-image-51967\" width=\"255\"\/><\/figure>\n\n\n\n<p><strong>Nicola Rabi<\/strong><\/p>\n\n\n\n<p>Film lover, jury veteran and member of the Cultural Committee, City of Malm\u00f6 as well as chairperson of Musik i Syd. \u201cI\u2019m very much looking forward to participating in the jury work for The City of Malm\u00f6 Children\u2019s Film Award\u201d.&nbsp;<\/p>\n<\/div>\n\n\n\n<div class=\"wp-block-column is-layout-flow wp-block-column-is-layout-flow\">\n<figure class=\"wp-block-image size-full is-resized\"><img decoding=\"async\" src=\"https:\/\/www.buff.se\/wp-content\/uploads\/2023\/02\/Malmo-stad_Iben-West-edited-1.jpg\" alt=\"\" class=\"wp-image-51965\" width=\"255\"\/><\/figure>\n\n\n\n<p><strong>Iben West<\/strong><\/p>\n\n\n\n<p>Director\/producer\/grip and light, mainly at Teater 23 in Malm\u00f6. Loves culture for a younger audience and has worked with performing arts for children and youths since 1995.<\/p>\n<\/div>\n\n\n\n<div class=\"wp-block-column is-layout-flow wp-block-column-is-layout-flow\">\n<figure class=\"wp-block-image size-full\"><img loading=\"lazy\" decoding=\"async\" width=\"600\" height=\"900\" src=\"https:\/\/www.buff.se\/wp-content\/uploads\/2023\/02\/Malmo-Stad_Janne-Gronholm.jpg\" alt=\"\" class=\"wp-image-50660\" srcset=\"https:\/\/www.buff.se\/wp-content\/uploads\/2023\/02\/Malmo-Stad_Janne-Gronholm.jpg 600w, https:\/\/www.buff.se\/wp-content\/uploads\/2023\/02\/Malmo-Stad_Janne-Gronholm-233x350.jpg 233w, https:\/\/www.buff.se\/wp-content\/uploads\/2023\/02\/Malmo-Stad_Janne-Gronholm-300x450.jpg 300w\" sizes=\"auto, (max-width: 600px) 100vw, 600px\" \/><\/figure>\n\n\n\n<p><strong>Janne Gr\u00f6nholm<\/strong><\/p>\n\n\n\n<p>Municipal commissioner and chair of the Cultural Committee, City of Malm\u00f6. Happy to sit on the jury for the prize for the first time.<\/p>\n<\/div>\n<\/div>\n\n\n\n<div style=\"height:49px\" aria-hidden=\"true\" class=\"wp-block-spacer\"><\/div>\n\n\n\n<h2 class=\"wp-block-heading\">Competing films<\/h2>\n\n\n\n<div class=\"wp-block-columns is-layout-flex wp-container-core-columns-is-layout-9d6595d7 wp-block-columns-is-layout-flex\">\n<div class=\"wp-block-column is-layout-flow wp-block-column-is-layout-flow\">\t\t<a href=\"https:\/\/www.buff.se\/en\/filmer\/sea-sparkle\/\" \n\tclass=\"catalog-post catalog-item big-catalog-item \" \n\tdata-size=\"medium\">\n\t\t\t<img loading=\"lazy\" decoding=\"async\" width=\"640\" height=\"421\" src=\"https:\/\/www.buff.se\/wp-content\/uploads\/2023\/02\/sea-sparkle-full-page-1024x674.jpg\" class=\"attachment-large size-large wp-post-image\" alt=\"\" srcset=\"https:\/\/www.buff.se\/wp-content\/uploads\/2023\/02\/sea-sparkle-full-page-1024x674.jpg 1024w, https:\/\/www.buff.se\/wp-content\/uploads\/2023\/02\/sea-sparkle-full-page-350x230.jpg 350w, https:\/\/www.buff.se\/wp-content\/uploads\/2023\/02\/sea-sparkle-full-page-768x505.jpg 768w, https:\/\/www.buff.se\/wp-content\/uploads\/2023\/02\/sea-sparkle-full-page-300x197.jpg 300w, https:\/\/www.buff.se\/wp-content\/uploads\/2023\/02\/sea-sparkle-full-page.jpg 1368w\" sizes=\"auto, (max-width: 640px) 100vw, 640px\" \/>\t<div class=\"catalog-post-text\">\n\t\t\t\t\t<h4>Film<\/h4>\n\t\t\t\t\t\t\t<div>\n\t\t\t\t\t\t\t<h5 class=\"catalog-item-title balance-text\">Sea Sparkle<\/h5>\n\t\t\t\t\t\t\t\t\t<p class=\"short-desc\">\n\t\t\t\t\t\t\t\t\tLena, a skilled sailor, loses her father\u2014her biggest role model\u2014in a fishing boat accident. While grieving, she becomes obsessed with the idea that it was a sea monster that caused the accident and so, together with her friends, she starts to investigate. This is an excellent depiction of a young person\u2019s grieving and maturing process.\t\t\t\t\t\t\t<\/p>\n\t\t\t<\/div>\n\t\t\t\n<div class=\"doodle arrow-right\">\n    <img decoding=\"async\" class=\"style-svg\" src=\"https:\/\/www.buff.se\/wp-content\/uploads\/2023\/01\/short-arrow-3.svg\" alt=\"\"\/>\n<\/div>\t\t\t<\/div>\n<\/a>\t\t\t<\/div>\n\n\n\n<div class=\"wp-block-column is-layout-flow wp-block-column-is-layout-flow\">\t\t<a href=\"https:\/\/www.buff.se\/en\/filmer\/neneh-superstar\/\" \n\tclass=\"catalog-post catalog-item big-catalog-item \" \n\tdata-size=\"medium\">\n\t\t\t<img loading=\"lazy\" decoding=\"async\" width=\"640\" height=\"427\" src=\"https:\/\/www.buff.se\/wp-content\/uploads\/2023\/02\/BUFF2023_neneh-superstar_6.jpg\" class=\"attachment-large size-large wp-post-image\" alt=\"\" srcset=\"https:\/\/www.buff.se\/wp-content\/uploads\/2023\/02\/BUFF2023_neneh-superstar_6.jpg 1023w, https:\/\/www.buff.se\/wp-content\/uploads\/2023\/02\/BUFF2023_neneh-superstar_6-350x234.jpg 350w, https:\/\/www.buff.se\/wp-content\/uploads\/2023\/02\/BUFF2023_neneh-superstar_6-768x513.jpg 768w, https:\/\/www.buff.se\/wp-content\/uploads\/2023\/02\/BUFF2023_neneh-superstar_6-300x200.jpg 300w\" sizes=\"auto, (max-width: 640px) 100vw, 640px\" \/>\t<div class=\"catalog-post-text\">\n\t\t\t\t\t<h4>Film<\/h4>\n\t\t\t\t\t\t\t<div>\n\t\t\t\t\t\t\t<h5 class=\"catalog-item-title balance-text\">Neneh Superstar<\/h5>\n\t\t\t\t\t\t\t\t\t<p class=\"short-desc\">\n\t\t\t\t\t\t\t\t\tNeneh has rap in her headphones. She is twelve and on her way to the ballet academy for an audition. However, Neneh isn\u2019t like the other girls. She was overjoyed to be given a place at the dance school but her appearance and ways of doing things make it hard for her to fit in.\t\t\t\t\t\t\t<\/p>\n\t\t\t<\/div>\n\t\t\t\n<div class=\"doodle arrow-right\">\n    <img decoding=\"async\" class=\"style-svg\" src=\"https:\/\/www.buff.se\/wp-content\/uploads\/2023\/01\/short-arrow-4.svg\" alt=\"\"\/>\n<\/div>\t\t\t<\/div>\n<\/a>\t\t\t<\/div>\n<\/div>\n\n\n\n<div class=\"wp-block-columns is-layout-flex wp-container-core-columns-is-layout-9d6595d7 wp-block-columns-is-layout-flex\">\n<div class=\"wp-block-column is-layout-flow wp-block-column-is-layout-flow\">\t\t<a href=\"https:\/\/www.buff.se\/en\/filmer\/the-little-gang\/\" \n\tclass=\"catalog-post catalog-item big-catalog-item \" \n\tdata-size=\"medium\">\n\t\t\t<img loading=\"lazy\" decoding=\"async\" width=\"640\" height=\"427\" src=\"https:\/\/www.buff.se\/wp-content\/uploads\/2023\/02\/BUFF2023_THE-LITTLE-GANG_4-1024x683.jpg\" class=\"attachment-large size-large wp-post-image\" alt=\"\" srcset=\"https:\/\/www.buff.se\/wp-content\/uploads\/2023\/02\/BUFF2023_THE-LITTLE-GANG_4-1024x683.jpg 1024w, https:\/\/www.buff.se\/wp-content\/uploads\/2023\/02\/BUFF2023_THE-LITTLE-GANG_4-350x233.jpg 350w, https:\/\/www.buff.se\/wp-content\/uploads\/2023\/02\/BUFF2023_THE-LITTLE-GANG_4-768x512.jpg 768w, https:\/\/www.buff.se\/wp-content\/uploads\/2023\/02\/BUFF2023_THE-LITTLE-GANG_4-300x200.jpg 300w, https:\/\/www.buff.se\/wp-content\/uploads\/2023\/02\/BUFF2023_THE-LITTLE-GANG_4.jpg 1350w\" sizes=\"auto, (max-width: 640px) 100vw, 640px\" \/>\t<div class=\"catalog-post-text\">\n\t\t\t\t\t<h4>Film<\/h4>\n\t\t\t\t\t\t\t<div>\n\t\t\t\t\t\t\t<h5 class=\"catalog-item-title balance-text\">The Little Gang<\/h5>\n\t\t\t\t\t\t\t\t\t<p class=\"short-desc\">\n\t\t\t\t\t\t\t\t\tFour young climate activists want to carry out a coup on a factory that is poisoning the environment, but they are in a dilemma. They need to add a fifth person to their team. They pick Aim\u00e9, a guy who is bullied but has no friends who will gossip. However, the action takes an unexpected turn.\t\t\t\t\t\t\t<\/p>\n\t\t\t<\/div>\n\t\t\t\n<div class=\"doodle arrow-right\">\n    <img decoding=\"async\" class=\"style-svg\" src=\"https:\/\/www.buff.se\/wp-content\/uploads\/2023\/01\/short-arrow-1.svg\" alt=\"\"\/>\n<\/div>\t\t\t<\/div>\n<\/a>\t\t\t<\/div>\n\n\n\n<div class=\"wp-block-column is-layout-flow wp-block-column-is-layout-flow\">\t\t<a href=\"https:\/\/www.buff.se\/en\/filmer\/okthanksbye\/\" \n\tclass=\"catalog-post catalog-item big-catalog-item \" \n\tdata-size=\"medium\">\n\t\t\t<img loading=\"lazy\" decoding=\"async\" width=\"640\" height=\"360\" src=\"https:\/\/www.buff.se\/wp-content\/uploads\/2023\/02\/BUFF2023_Okthanksbye_3-1024x576.jpg\" class=\"attachment-large size-large wp-post-image\" alt=\"\" srcset=\"https:\/\/www.buff.se\/wp-content\/uploads\/2023\/02\/BUFF2023_Okthanksbye_3-1024x576.jpg 1024w, https:\/\/www.buff.se\/wp-content\/uploads\/2023\/02\/BUFF2023_Okthanksbye_3-350x197.jpg 350w, https:\/\/www.buff.se\/wp-content\/uploads\/2023\/02\/BUFF2023_Okthanksbye_3-768x432.jpg 768w, https:\/\/www.buff.se\/wp-content\/uploads\/2023\/02\/BUFF2023_Okthanksbye_3-1536x864.jpg 1536w, https:\/\/www.buff.se\/wp-content\/uploads\/2023\/02\/BUFF2023_Okthanksbye_3-300x169.jpg 300w, https:\/\/www.buff.se\/wp-content\/uploads\/2023\/02\/BUFF2023_Okthanksbye_3.jpg 1600w\" sizes=\"auto, (max-width: 640px) 100vw, 640px\" \/>\t<div class=\"catalog-post-text\">\n\t\t\t\t\t<h4>Film<\/h4>\n\t\t\t\t\t\t\t<div>\n\t\t\t\t\t\t\t<h5 class=\"catalog-item-title balance-text\">Okthanksbye<\/h5>\n\t\t\t\t\t\t\t\t\t<p class=\"short-desc\">\n\t\t\t\t\t\t\t\t\tDeaf, twelve-year-old Jamie goes to a boarding school for people with hearing impairments. When her grandmother suddenly falls ill in Paris, her parents ask her to stay at school. Instead, Jamie and her new, adventurous friend, Imane, go on an eventful road trip through Europe. To Paris!!\t\t\t\t\t\t\t<\/p>\n\t\t\t<\/div>\n\t\t\t\n<div class=\"doodle arrow-right\">\n    <img decoding=\"async\" class=\"style-svg\" src=\"https:\/\/www.buff.se\/wp-content\/uploads\/2023\/01\/short-arrow-4.svg\" alt=\"\"\/>\n<\/div>\t\t\t<\/div>\n<\/a>\t\t\t<\/div>\n<\/div>\n\n\n\n<div class=\"wp-block-columns is-layout-flex wp-container-core-columns-is-layout-9d6595d7 wp-block-columns-is-layout-flex\">\n<div class=\"wp-block-column is-layout-flow wp-block-column-is-layout-flow\">\t\t<a href=\"https:\/\/www.buff.se\/en\/filmer\/nelly-rapp-dodens-spegel\/\" \n\tclass=\"catalog-post catalog-item big-catalog-item \" \n\tdata-size=\"medium\">\n\t\t\t<img loading=\"lazy\" decoding=\"async\" width=\"640\" height=\"268\" src=\"https:\/\/www.buff.se\/wp-content\/uploads\/2023\/02\/Nelly_Rapp_Dodens-Spegel_Malin-Gutke-1024x429.jpg\" class=\"attachment-large size-large wp-post-image\" alt=\"\" srcset=\"https:\/\/www.buff.se\/wp-content\/uploads\/2023\/02\/Nelly_Rapp_Dodens-Spegel_Malin-Gutke-1024x429.jpg 1024w, https:\/\/www.buff.se\/wp-content\/uploads\/2023\/02\/Nelly_Rapp_Dodens-Spegel_Malin-Gutke-350x147.jpg 350w, https:\/\/www.buff.se\/wp-content\/uploads\/2023\/02\/Nelly_Rapp_Dodens-Spegel_Malin-Gutke-768x322.jpg 768w, https:\/\/www.buff.se\/wp-content\/uploads\/2023\/02\/Nelly_Rapp_Dodens-Spegel_Malin-Gutke-1536x644.jpg 1536w, https:\/\/www.buff.se\/wp-content\/uploads\/2023\/02\/Nelly_Rapp_Dodens-Spegel_Malin-Gutke-300x126.jpg 300w, https:\/\/www.buff.se\/wp-content\/uploads\/2023\/02\/Nelly_Rapp_Dodens-Spegel_Malin-Gutke.jpg 2048w\" sizes=\"auto, (max-width: 640px) 100vw, 640px\" \/>\t<div class=\"catalog-post-text\">\n\t\t\t\t\t<h4>Film<\/h4>\n\t\t\t\t\t\t\t<div>\n\t\t\t\t\t\t\t<h5 class=\"catalog-item-title balance-text\">Nelly Rapp \u2013 D\u00f6dens spegel<\/h5>\n\t\t\t\t\t\t\t\t\t<p class=\"short-desc\">\n\t\t\t\t\t\t\t\t\tMonster agent, Nelly Rap and her dog, London, are back in an exciting adventure among werewolves, monsters and mythical creatures. Nelly\u2019s dad is moving in with his girlfriend so Nelly has her younger brother in tow. They head out together to the Black Forest to find Death\u2019s Mirror. This is a journey that takes them deep into the forest to the place where Nelly\u2019s mum once disappeared.\t\t\t\t\t\t\t<\/p>\n\t\t\t<\/div>\n\t\t\t\n<div class=\"doodle arrow-right\">\n    <img decoding=\"async\" class=\"style-svg\" src=\"https:\/\/www.buff.se\/wp-content\/uploads\/2023\/01\/short-arrow-1.svg\" alt=\"\"\/>\n<\/div>\t\t\t<\/div>\n<\/a>\t\t\t<\/div>\n\n\n\n<div class=\"wp-block-column is-layout-flow wp-block-column-is-layout-flow\">\t\t<a href=\"https:\/\/www.buff.se\/en\/filmer\/adventures-in-the-land-of-asha\/\" \n\tclass=\"catalog-post catalog-item big-catalog-item \" \n\tdata-size=\"medium\">\n\t\t\t<img loading=\"lazy\" decoding=\"async\" width=\"640\" height=\"427\" src=\"https:\/\/www.buff.se\/wp-content\/uploads\/2023\/02\/BUFF2023_adventures-in-the-land-of-asha-1024x683.jpg\" class=\"attachment-large size-large wp-post-image\" alt=\"\" srcset=\"https:\/\/www.buff.se\/wp-content\/uploads\/2023\/02\/BUFF2023_adventures-in-the-land-of-asha-1024x683.jpg 1024w, https:\/\/www.buff.se\/wp-content\/uploads\/2023\/02\/BUFF2023_adventures-in-the-land-of-asha-350x233.jpg 350w, https:\/\/www.buff.se\/wp-content\/uploads\/2023\/02\/BUFF2023_adventures-in-the-land-of-asha-768x512.jpg 768w, https:\/\/www.buff.se\/wp-content\/uploads\/2023\/02\/BUFF2023_adventures-in-the-land-of-asha-300x200.jpg 300w, https:\/\/www.buff.se\/wp-content\/uploads\/2023\/02\/BUFF2023_adventures-in-the-land-of-asha.jpg 1350w\" sizes=\"auto, (max-width: 640px) 100vw, 640px\" \/>\t<div class=\"catalog-post-text\">\n\t\t\t\t\t<h4>Film<\/h4>\n\t\t\t\t\t\t\t<div>\n\t\t\t\t\t\t\t<h5 class=\"catalog-item-title balance-text\">Adventures in the Land of Asha<\/h5>\n\t\t\t\t\t\t\t\t\t<p class=\"short-desc\">\n\t\t\t\t\t\t\t\t\tOne cold winter\u2019s day in 1940, little Jules and his family move in with Uncle Jovite, who is mayor of his village in Northern Quebec. Jules is sick with leprosy and the children at school think that his arms look disgusting. When his dog runs into the forest, Jules has no choice but to follow after to find him. By a river, he meets Asha, of the indigenous peoples, and no one knows the forest as she does.\t\t\t\t\t\t\t<\/p>\n\t\t\t<\/div>\n\t\t\t\n<div class=\"doodle arrow-right\">\n    <img decoding=\"async\" class=\"style-svg\" src=\"https:\/\/www.buff.se\/wp-content\/uploads\/2023\/01\/short-arrow-4.svg\" alt=\"\"\/>\n<\/div>\t\t\t<\/div>\n<\/a>\t\t\t<\/div>\n<\/div>\n\n\n\n<div class=\"wp-block-columns is-layout-flex wp-container-core-columns-is-layout-9d6595d7 wp-block-columns-is-layout-flex\">\n<div class=\"wp-block-column is-layout-flow wp-block-column-is-layout-flow\">\t\t<a href=\"https:\/\/www.buff.se\/en\/filmer\/dancing-queen\/\" \n\tclass=\"catalog-post catalog-item big-catalog-item \" \n\tdata-size=\"medium\">\n\t\t\t<img loading=\"lazy\" decoding=\"async\" width=\"640\" height=\"400\" src=\"https:\/\/www.buff.se\/wp-content\/uploads\/2023\/02\/BUFF2023_Dancing-queen_5.jpg\" class=\"attachment-large size-large wp-post-image\" alt=\"\" srcset=\"https:\/\/www.buff.se\/wp-content\/uploads\/2023\/02\/BUFF2023_Dancing-queen_5.jpg 1000w, https:\/\/www.buff.se\/wp-content\/uploads\/2023\/02\/BUFF2023_Dancing-queen_5-350x219.jpg 350w, https:\/\/www.buff.se\/wp-content\/uploads\/2023\/02\/BUFF2023_Dancing-queen_5-768x480.jpg 768w, https:\/\/www.buff.se\/wp-content\/uploads\/2023\/02\/BUFF2023_Dancing-queen_5-300x188.jpg 300w\" sizes=\"auto, (max-width: 640px) 100vw, 640px\" \/>\t<div class=\"catalog-post-text\">\n\t\t\t\t\t<h4>Film<\/h4>\n\t\t\t\t\t\t\t<div>\n\t\t\t\t\t\t\t<h5 class=\"catalog-item-title balance-text\">Dancing Queen<\/h5>\n\t\t\t\t\t\t\t\t\t<p class=\"short-desc\">\n\t\t\t\t\t\t\t\t\tTwelve-year-old Mina falls in love with the school\u2019s dance talent, who is known on social media. She decides to master hip-hop and enter The Mj\u00f8sa Challenge, a huge dance competition. However, to realise her dreams, there are both expected and unexpected hurdles for her to overcome.\t\t\t\t\t\t\t<\/p>\n\t\t\t<\/div>\n\t\t\t\n<div class=\"doodle arrow-right\">\n    <img decoding=\"async\" class=\"style-svg\" src=\"https:\/\/www.buff.se\/wp-content\/uploads\/2023\/01\/short-arrow-4.svg\" alt=\"\"\/>\n<\/div>\t\t\t<\/div>\n<\/a>\t\t\t<\/div>\n\n\n\n<div class=\"wp-block-column is-layout-flow wp-block-column-is-layout-flow\">\t\t<a href=\"https:\/\/www.buff.se\/en\/filmer\/sharp-wounds\/\" \n\tclass=\"catalog-post catalog-item big-catalog-item \" \n\tdata-size=\"medium\">\n\t\t\t<img loading=\"lazy\" decoding=\"async\" width=\"640\" height=\"214\" src=\"https:\/\/www.buff.se\/wp-content\/uploads\/2023\/02\/armas-blancas-wide-1024x342.jpg\" class=\"attachment-large size-large wp-post-image\" alt=\"\" srcset=\"https:\/\/www.buff.se\/wp-content\/uploads\/2023\/02\/armas-blancas-wide-1024x342.jpg 1024w, https:\/\/www.buff.se\/wp-content\/uploads\/2023\/02\/armas-blancas-wide-350x117.jpg 350w, https:\/\/www.buff.se\/wp-content\/uploads\/2023\/02\/armas-blancas-wide-768x256.jpg 768w, https:\/\/www.buff.se\/wp-content\/uploads\/2023\/02\/armas-blancas-wide-1536x512.jpg 1536w, https:\/\/www.buff.se\/wp-content\/uploads\/2023\/02\/armas-blancas-wide-300x100.jpg 300w, https:\/\/www.buff.se\/wp-content\/uploads\/2023\/02\/armas-blancas-wide.jpg 2000w\" sizes=\"auto, (max-width: 640px) 100vw, 640px\" \/>\t<div class=\"catalog-post-text\">\n\t\t\t\t\t<h4>Film<\/h4>\n\t\t\t\t\t\t\t<div>\n\t\t\t\t\t\t\t<h5 class=\"catalog-item-title balance-text\">Sharp Wounds<\/h5>\n\t\t\t\t\t\t\t\t\t<p class=\"short-desc\">\n\t\t\t\t\t\t\t\t\tThis is a special summer for ten-year-old Valeria, who lives in Mexico City with his family. Valeria is emotionally aware and is rocked by her first romance, the last stretch of childhood, and a forbidden love between her brother and her best friend. A beautiful and sunny coming-of-age film for older primary school children.\t\t\t\t\t\t\t<\/p>\n\t\t\t<\/div>\n\t\t\t\n<div class=\"doodle arrow-right\">\n    <img decoding=\"async\" class=\"style-svg\" src=\"https:\/\/www.buff.se\/wp-content\/uploads\/2023\/01\/short-arrow-3.svg\" alt=\"\"\/>\n<\/div>\t\t\t<\/div>\n<\/a>\t\t\t<\/div>\n<\/div>\n\n\n\n<div style=\"height:41px\" aria-hidden=\"true\" class=\"wp-block-spacer\"><\/div>\n","protected":false},"excerpt":{"rendered":"<p>The City of Malm\u00f6 Children\u2019s Film Award goes to the filmmaker who according to the prize committee, has directed the best children\u2019s film. The winning film must be innovative and of excellent quality. Prize money: 100 000 Swedish kronor. Jury Ann K\u00f6rling Ann K\u00f6rling is Strategic Developer at the Department of Culture, City of Malm\u00f6.&nbsp;Jury [&hellip;]<\/p>\n","protected":false},"author":2,"featured_media":50577,"comment_status":"closed","ping_status":"open","sticky":false,"template":"","format":"standard","meta":{"_acf_changed":false,"inline_featured_image":false,"footnotes":""},"categories":[1262],"tags":[],"class_list":["post-52023","post","type-post","status-publish","format-standard","has-post-thumbnail","hentry","category-buff-2023-2"],"acf":[],"yoast_head":"<!-- This site is optimized with the Yoast SEO plugin v27.2 - https:\/\/yoast.com\/product\/yoast-seo-wordpress\/ -->\n<title>Competition: best children\u2019s film - BUFF Malm\u00f6<\/title>\n<meta name=\"robots\" content=\"index, follow, max-snippet:-1, max-image-preview:large, max-video-preview:-1\" \/>\n<link rel=\"canonical\" href=\"https:\/\/www.buff.se\/en\/buff-2023-2\/competition-best-childrens-film\/\" \/>\n<meta property=\"og:locale\" content=\"en_US\" \/>\n<meta property=\"og:type\" content=\"article\" \/>\n<meta property=\"og:title\" content=\"Competition: best children\u2019s film - BUFF Malm\u00f6\" \/>\n<meta property=\"og:description\" content=\"The City of Malm\u00f6 Children\u2019s Film Award goes to the filmmaker who according to the prize committee, has directed the best children\u2019s film. The winning film must be innovative and of excellent quality. Prize money: 100 000 Swedish kronor. Jury Ann K\u00f6rling Ann K\u00f6rling is Strategic Developer at the Department of Culture, City of Malm\u00f6.&nbsp;Jury [&hellip;]\" \/>\n<meta property=\"og:url\" content=\"https:\/\/www.buff.se\/en\/buff-2023-2\/competition-best-childrens-film\/\" \/>\n<meta property=\"og:site_name\" content=\"BUFF Malm\u00f6\" \/>\n<meta property=\"article:publisher\" content=\"https:\/\/www.facebook.com\/buff.festival\/\" \/>\n<meta property=\"article:published_time\" content=\"2023-02-13T12:22:38+00:00\" \/>\n<meta property=\"article:modified_time\" content=\"2023-02-13T19:13:09+00:00\" \/>\n<meta property=\"og:image\" content=\"https:\/\/www.buff.se\/wp-content\/uploads\/2023\/02\/le-petit-gang-sky.jpg\" \/>\n\t<meta property=\"og:image:width\" content=\"1336\" \/>\n\t<meta property=\"og:image:height\" content=\"900\" \/>\n\t<meta property=\"og:image:type\" content=\"image\/jpeg\" \/>\n<meta name=\"author\" content=\"BUFF\" \/>\n<meta name=\"twitter:card\" content=\"summary_large_image\" \/>\n<meta name=\"twitter:creator\" content=\"@BUFF_Malmo\" \/>\n<meta name=\"twitter:site\" content=\"@BUFF_Malmo\" \/>\n<meta name=\"twitter:label1\" content=\"Written by\" \/>\n\t<meta name=\"twitter:data1\" content=\"BUFF\" \/>\n\t<meta name=\"twitter:label2\" content=\"Est. reading time\" \/>\n\t<meta name=\"twitter:data2\" content=\"3 minutes\" \/>\n<script type=\"application\/ld+json\" class=\"yoast-schema-graph\">{\"@context\":\"https:\/\/schema.org\",\"@graph\":[{\"@type\":\"Article\",\"@id\":\"https:\/\/www.buff.se\/en\/buff-2023-2\/competition-best-childrens-film\/#article\",\"isPartOf\":{\"@id\":\"https:\/\/www.buff.se\/en\/buff-2023-2\/competition-best-childrens-film\/\"},\"author\":{\"name\":\"BUFF\",\"@id\":\"https:\/\/makesmefeel.com\/demo\/#\/schema\/person\/052f80936b7c33fdc3da068c5db68171\"},\"headline\":\"Competition: best children\u2019s film\",\"datePublished\":\"2023-02-13T12:22:38+00:00\",\"dateModified\":\"2023-02-13T19:13:09+00:00\",\"mainEntityOfPage\":{\"@id\":\"https:\/\/www.buff.se\/en\/buff-2023-2\/competition-best-childrens-film\/\"},\"wordCount\":243,\"publisher\":{\"@id\":\"https:\/\/makesmefeel.com\/demo\/#organization\"},\"image\":{\"@id\":\"https:\/\/www.buff.se\/en\/buff-2023-2\/competition-best-childrens-film\/#primaryimage\"},\"thumbnailUrl\":\"https:\/\/www.buff.se\/wp-content\/uploads\/2023\/02\/le-petit-gang-sky.jpg\",\"articleSection\":[\"BUFF 2023\"],\"inLanguage\":\"en-US\"},{\"@type\":\"WebPage\",\"@id\":\"https:\/\/www.buff.se\/en\/buff-2023-2\/competition-best-childrens-film\/\",\"url\":\"https:\/\/www.buff.se\/en\/buff-2023-2\/competition-best-childrens-film\/\",\"name\":\"Competition: best children\u2019s film - BUFF Malm\u00f6\",\"isPartOf\":{\"@id\":\"https:\/\/makesmefeel.com\/demo\/#website\"},\"primaryImageOfPage\":{\"@id\":\"https:\/\/www.buff.se\/en\/buff-2023-2\/competition-best-childrens-film\/#primaryimage\"},\"image\":{\"@id\":\"https:\/\/www.buff.se\/en\/buff-2023-2\/competition-best-childrens-film\/#primaryimage\"},\"thumbnailUrl\":\"https:\/\/www.buff.se\/wp-content\/uploads\/2023\/02\/le-petit-gang-sky.jpg\",\"datePublished\":\"2023-02-13T12:22:38+00:00\",\"dateModified\":\"2023-02-13T19:13:09+00:00\",\"breadcrumb\":{\"@id\":\"https:\/\/www.buff.se\/en\/buff-2023-2\/competition-best-childrens-film\/#breadcrumb\"},\"inLanguage\":\"en-US\",\"potentialAction\":[{\"@type\":\"ReadAction\",\"target\":[\"https:\/\/www.buff.se\/en\/buff-2023-2\/competition-best-childrens-film\/\"]}]},{\"@type\":\"ImageObject\",\"inLanguage\":\"en-US\",\"@id\":\"https:\/\/www.buff.se\/en\/buff-2023-2\/competition-best-childrens-film\/#primaryimage\",\"url\":\"https:\/\/www.buff.se\/wp-content\/uploads\/2023\/02\/le-petit-gang-sky.jpg\",\"contentUrl\":\"https:\/\/www.buff.se\/wp-content\/uploads\/2023\/02\/le-petit-gang-sky.jpg\",\"width\":1336,\"height\":900},{\"@type\":\"BreadcrumbList\",\"@id\":\"https:\/\/www.buff.se\/en\/buff-2023-2\/competition-best-childrens-film\/#breadcrumb\",\"itemListElement\":[{\"@type\":\"ListItem\",\"position\":1,\"name\":\"Hem\",\"item\":\"https:\/\/www.buff.se\/en\/\"},{\"@type\":\"ListItem\",\"position\":2,\"name\":\"Competition: best children\u2019s film\"}]},{\"@type\":\"WebSite\",\"@id\":\"https:\/\/makesmefeel.com\/demo\/#website\",\"url\":\"https:\/\/makesmefeel.com\/demo\/\",\"name\":\"BUFF Malm\u00f6\",\"description\":\"Barn- och ungdomsfilmfestival\",\"publisher\":{\"@id\":\"https:\/\/makesmefeel.com\/demo\/#organization\"},\"potentialAction\":[{\"@type\":\"SearchAction\",\"target\":{\"@type\":\"EntryPoint\",\"urlTemplate\":\"https:\/\/makesmefeel.com\/demo\/?s={search_term_string}\"},\"query-input\":{\"@type\":\"PropertyValueSpecification\",\"valueRequired\":true,\"valueName\":\"search_term_string\"}}],\"inLanguage\":\"en-US\"},{\"@type\":\"Organization\",\"@id\":\"https:\/\/makesmefeel.com\/demo\/#organization\",\"name\":\"BUFF Malm\u00f6\",\"url\":\"https:\/\/makesmefeel.com\/demo\/\",\"logo\":{\"@type\":\"ImageObject\",\"inLanguage\":\"en-US\",\"@id\":\"https:\/\/makesmefeel.com\/demo\/#\/schema\/logo\/image\/\",\"url\":\"https:\/\/www.buff.se\/wp-content\/uploads\/2021\/10\/buff-logo.svg\",\"contentUrl\":\"https:\/\/www.buff.se\/wp-content\/uploads\/2021\/10\/buff-logo.svg\",\"caption\":\"BUFF Malm\u00f6\"},\"image\":{\"@id\":\"https:\/\/makesmefeel.com\/demo\/#\/schema\/logo\/image\/\"},\"sameAs\":[\"https:\/\/www.facebook.com\/buff.festival\/\",\"https:\/\/x.com\/BUFF_Malmo\",\"https:\/\/www.instagram.com\/buff_malmo\/\"]},{\"@type\":\"Person\",\"@id\":\"https:\/\/makesmefeel.com\/demo\/#\/schema\/person\/052f80936b7c33fdc3da068c5db68171\",\"name\":\"BUFF\",\"image\":{\"@type\":\"ImageObject\",\"inLanguage\":\"en-US\",\"@id\":\"https:\/\/secure.gravatar.com\/avatar\/3321bf87f07638661dea0b000d943abc703693cca05aa15907eb76497a967270?s=96&d=mm&r=g\",\"url\":\"https:\/\/secure.gravatar.com\/avatar\/3321bf87f07638661dea0b000d943abc703693cca05aa15907eb76497a967270?s=96&d=mm&r=g\",\"contentUrl\":\"https:\/\/secure.gravatar.com\/avatar\/3321bf87f07638661dea0b000d943abc703693cca05aa15907eb76497a967270?s=96&d=mm&r=g\",\"caption\":\"BUFF\"},\"sameAs\":[\"https:\/\/www.buff.se\"],\"url\":\"\/#\"}]}<\/script>\n<!-- \/ Yoast SEO plugin. -->","yoast_head_json":{"title":"Competition: best children\u2019s film - BUFF Malm\u00f6","robots":{"index":"index","follow":"follow","max-snippet":"max-snippet:-1","max-image-preview":"max-image-preview:large","max-video-preview":"max-video-preview:-1"},"canonical":"https:\/\/www.buff.se\/en\/buff-2023-2\/competition-best-childrens-film\/","og_locale":"en_US","og_type":"article","og_title":"Competition: best children\u2019s film - BUFF Malm\u00f6","og_description":"The City of Malm\u00f6 Children\u2019s Film Award goes to the filmmaker who according to the prize committee, has directed the best children\u2019s film. The winning film must be innovative and of excellent quality. Prize money: 100 000 Swedish kronor. Jury Ann K\u00f6rling Ann K\u00f6rling is Strategic Developer at the Department of Culture, City of Malm\u00f6.&nbsp;Jury [&hellip;]","og_url":"https:\/\/www.buff.se\/en\/buff-2023-2\/competition-best-childrens-film\/","og_site_name":"BUFF Malm\u00f6","article_publisher":"https:\/\/www.facebook.com\/buff.festival\/","article_published_time":"2023-02-13T12:22:38+00:00","article_modified_time":"2023-02-13T19:13:09+00:00","og_image":[{"width":1336,"height":900,"url":"https:\/\/www.buff.se\/wp-content\/uploads\/2023\/02\/le-petit-gang-sky.jpg","type":"image\/jpeg"}],"author":"BUFF","twitter_card":"summary_large_image","twitter_creator":"@BUFF_Malmo","twitter_site":"@BUFF_Malmo","twitter_misc":{"Written by":"BUFF","Est. reading time":"3 minutes"},"schema":{"@context":"https:\/\/schema.org","@graph":[{"@type":"Article","@id":"https:\/\/www.buff.se\/en\/buff-2023-2\/competition-best-childrens-film\/#article","isPartOf":{"@id":"https:\/\/www.buff.se\/en\/buff-2023-2\/competition-best-childrens-film\/"},"author":{"name":"BUFF","@id":"https:\/\/makesmefeel.com\/demo\/#\/schema\/person\/052f80936b7c33fdc3da068c5db68171"},"headline":"Competition: best children\u2019s film","datePublished":"2023-02-13T12:22:38+00:00","dateModified":"2023-02-13T19:13:09+00:00","mainEntityOfPage":{"@id":"https:\/\/www.buff.se\/en\/buff-2023-2\/competition-best-childrens-film\/"},"wordCount":243,"publisher":{"@id":"https:\/\/makesmefeel.com\/demo\/#organization"},"image":{"@id":"https:\/\/www.buff.se\/en\/buff-2023-2\/competition-best-childrens-film\/#primaryimage"},"thumbnailUrl":"https:\/\/www.buff.se\/wp-content\/uploads\/2023\/02\/le-petit-gang-sky.jpg","articleSection":["BUFF 2023"],"inLanguage":"en-US"},{"@type":"WebPage","@id":"https:\/\/www.buff.se\/en\/buff-2023-2\/competition-best-childrens-film\/","url":"https:\/\/www.buff.se\/en\/buff-2023-2\/competition-best-childrens-film\/","name":"Competition: best children\u2019s film - BUFF Malm\u00f6","isPartOf":{"@id":"https:\/\/makesmefeel.com\/demo\/#website"},"primaryImageOfPage":{"@id":"https:\/\/www.buff.se\/en\/buff-2023-2\/competition-best-childrens-film\/#primaryimage"},"image":{"@id":"https:\/\/www.buff.se\/en\/buff-2023-2\/competition-best-childrens-film\/#primaryimage"},"thumbnailUrl":"https:\/\/www.buff.se\/wp-content\/uploads\/2023\/02\/le-petit-gang-sky.jpg","datePublished":"2023-02-13T12:22:38+00:00","dateModified":"2023-02-13T19:13:09+00:00","breadcrumb":{"@id":"https:\/\/www.buff.se\/en\/buff-2023-2\/competition-best-childrens-film\/#breadcrumb"},"inLanguage":"en-US","potentialAction":[{"@type":"ReadAction","target":["https:\/\/www.buff.se\/en\/buff-2023-2\/competition-best-childrens-film\/"]}]},{"@type":"ImageObject","inLanguage":"en-US","@id":"https:\/\/www.buff.se\/en\/buff-2023-2\/competition-best-childrens-film\/#primaryimage","url":"https:\/\/www.buff.se\/wp-content\/uploads\/2023\/02\/le-petit-gang-sky.jpg","contentUrl":"https:\/\/www.buff.se\/wp-content\/uploads\/2023\/02\/le-petit-gang-sky.jpg","width":1336,"height":900},{"@type":"BreadcrumbList","@id":"https:\/\/www.buff.se\/en\/buff-2023-2\/competition-best-childrens-film\/#breadcrumb","itemListElement":[{"@type":"ListItem","position":1,"name":"Hem","item":"https:\/\/www.buff.se\/en\/"},{"@type":"ListItem","position":2,"name":"Competition: best children\u2019s film"}]},{"@type":"WebSite","@id":"https:\/\/makesmefeel.com\/demo\/#website","url":"https:\/\/makesmefeel.com\/demo\/","name":"BUFF Malm\u00f6","description":"Barn- och ungdomsfilmfestival","publisher":{"@id":"https:\/\/makesmefeel.com\/demo\/#organization"},"potentialAction":[{"@type":"SearchAction","target":{"@type":"EntryPoint","urlTemplate":"https:\/\/makesmefeel.com\/demo\/?s={search_term_string}"},"query-input":{"@type":"PropertyValueSpecification","valueRequired":true,"valueName":"search_term_string"}}],"inLanguage":"en-US"},{"@type":"Organization","@id":"https:\/\/makesmefeel.com\/demo\/#organization","name":"BUFF Malm\u00f6","url":"https:\/\/makesmefeel.com\/demo\/","logo":{"@type":"ImageObject","inLanguage":"en-US","@id":"https:\/\/makesmefeel.com\/demo\/#\/schema\/logo\/image\/","url":"https:\/\/www.buff.se\/wp-content\/uploads\/2021\/10\/buff-logo.svg","contentUrl":"https:\/\/www.buff.se\/wp-content\/uploads\/2021\/10\/buff-logo.svg","caption":"BUFF Malm\u00f6"},"image":{"@id":"https:\/\/makesmefeel.com\/demo\/#\/schema\/logo\/image\/"},"sameAs":["https:\/\/www.facebook.com\/buff.festival\/","https:\/\/x.com\/BUFF_Malmo","https:\/\/www.instagram.com\/buff_malmo\/"]},{"@type":"Person","@id":"https:\/\/makesmefeel.com\/demo\/#\/schema\/person\/052f80936b7c33fdc3da068c5db68171","name":"BUFF","image":{"@type":"ImageObject","inLanguage":"en-US","@id":"https:\/\/secure.gravatar.com\/avatar\/3321bf87f07638661dea0b000d943abc703693cca05aa15907eb76497a967270?s=96&d=mm&r=g","url":"https:\/\/secure.gravatar.com\/avatar\/3321bf87f07638661dea0b000d943abc703693cca05aa15907eb76497a967270?s=96&d=mm&r=g","contentUrl":"https:\/\/secure.gravatar.com\/avatar\/3321bf87f07638661dea0b000d943abc703693cca05aa15907eb76497a967270?s=96&d=mm&r=g","caption":"BUFF"},"sameAs":["https:\/\/www.buff.se"],"url":"\/#"}]}},"_links":{"self":[{"href":"https:\/\/www.buff.se\/en\/wp-json\/wp\/v2\/posts\/52023","targetHints":{"allow":["GET"]}}],"collection":[{"href":"https:\/\/www.buff.se\/en\/wp-json\/wp\/v2\/posts"}],"about":[{"href":"https:\/\/www.buff.se\/en\/wp-json\/wp\/v2\/types\/post"}],"author":[{"embeddable":true,"href":"https:\/\/www.buff.se\/en\/wp-json\/wp\/v2\/users\/2"}],"replies":[{"embeddable":true,"href":"https:\/\/www.buff.se\/en\/wp-json\/wp\/v2\/comments?post=52023"}],"version-history":[{"count":8,"href":"https:\/\/www.buff.se\/en\/wp-json\/wp\/v2\/posts\/52023\/revisions"}],"predecessor-version":[{"id":52463,"href":"https:\/\/www.buff.se\/en\/wp-json\/wp\/v2\/posts\/52023\/revisions\/52463"}],"wp:featuredmedia":[{"embeddable":true,"href":"https:\/\/www.buff.se\/en\/wp-json\/wp\/v2\/media\/50577"}],"wp:attachment":[{"href":"https:\/\/www.buff.se\/en\/wp-json\/wp\/v2\/media?parent=52023"}],"wp:term":[{"taxonomy":"category","embeddable":true,"href":"https:\/\/www.buff.se\/en\/wp-json\/wp\/v2\/categories?post=52023"},{"taxonomy":"post_tag","embeddable":true,"href":"https:\/\/www.buff.se\/en\/wp-json\/wp\/v2\/tags?post=52023"}],"curies":[{"name":"wp","href":"https:\/\/api.w.org\/{rel}","templated":true}]}}