{"id":19271,"date":"2018-09-21T05:15:05","date_gmt":"2018-09-21T05:15:05","guid":{"rendered":"https:\/\/www.buff.se\/uncategorized\/nya-filmer-i-distribution\/"},"modified":"2018-10-19T08:45:54","modified_gmt":"2018-10-19T08:45:54","slug":"nya-filmer-i-distribution","status":"publish","type":"post","link":"https:\/\/www.buff.se\/en\/news-en\/nya-filmer-i-distribution\/","title":{"rendered":"New films in distribution"},"content":{"rendered":"<h3>It&#8217;s the second year that BUFF can be entitled as a film distributor and now has three new films available for the white screen. All were shown at BUFF 2018 and made a great success.<\/h3>\n<p>Some films are so good that we want everyone to see them. Preferably at the cinema of course. This applies to all the films we show on BUFF but unfortunately, only a few of them make it to the Swedish cinemas. We are now changing this and can gladly announce that we have three new films in distribution: The Seen and Unseen, Spider Thieves and Ballad from Tibet.<\/p>\n<h4><a href=\"https:\/\/www.buff.se\/en\/filmer\/the-seen-and-unseen\/\">The Seen and Unseen<\/a>\u00a0&#8211; Premiere 23\/11 &#8211; 2018<\/h4>\n<div class=\"page\" title=\"Page 21\">\n<div class=\"section\">\n<div class=\"layoutArea\">\n<div class=\"column\">\n<p>A film about looking for comfort in your imagination when you\u2019re faced with the death of a twin. The twins Tantri and Tantra, brother and sister, are about 10 years old and live in a village near a mountain in Indonesia. They play together constantly and know one another inside out. One day, the brother becomes sick and it\u2019s revealed that he has a brain tumor. At night, the sister dreams herself away to another place where her brother is healthy and they can once again do everything together. A stunning piece of cinema about dealing with grief.<\/p>\n<\/div>\n<\/div>\n<\/div>\n<\/div>\n<p><a href=\"https:\/\/vimeo.com\/231360665\">Trailer<\/a><\/p>\n<h4><a href=\"https:\/\/www.buff.se\/en\/filmer\/spider-thieves\/\">Spider Thieves<\/a> &#8211; Premiere 25\/1 &#8211; 2019<\/h4>\n<div class=\"page\" title=\"Page 23\">\n<div class=\"section\">\n<div class=\"layoutArea\">\n<div class=\"column\">\n<p>Three girls live in poverty in a slum area of Santiago. They dream about the cool and fashionable stuff they see on TV and in the city\u2019s shopping centers. When they start to break into apartments by climbing up the sides of buildings, they soon become known as \u201cThe Spider Thieves\u201d. A gripping adolescent thriller inspired by real-life events, which brings to life the issues of social injustice, dreams and class.<\/p>\n<\/div>\n<\/div>\n<\/div>\n<\/div>\n<p>The film is based on a true story and won The Young Film Awards prize for the best youth film.<\/p>\n<p><a href=\"https:\/\/www.youtube.com\/watch?v=4wq_CuELd3U&amp;frags=pl%2Cwn\">Trailer<\/a><\/p>\n<h4><a href=\"https:\/\/www.buff.se\/en\/filmer\/ballad-from-tibet\/\">Ballad from Tibet\u00a0<\/a>&#8211; Premiere 8\/2 &#8211; 2019<\/h4>\n<p>Everyone has dreams and hopes that one day they will come true. Thupten is 10 years old and attends a school for blind children in Tibet. Unlike his classmates, he can see with one eye \u2013 and they want him to help them travel all the way to Shanghai so that they can compete in the Chinese equivalent of \u2018Idol\u2019. It becomes an epic journey, full of hardship, which they will have a difficult time forgetting.<\/p>\n<p><a href=\"https:\/\/vimeo.com\/216110483\">Trailer<\/a><\/p>\n<p>Keep an eye on the Swedish cinemas for screenings!<\/p>\n","protected":false},"excerpt":{"rendered":"<p>It&#8217;s the second year that BUFF can be entitled as a film distributor and now has three new films available for the white screen. All were shown at BUFF 2018 and made a great success. Some films are so good that we want everyone to see them. Preferably at the cinema of course. This applies [&hellip;]<\/p>\n","protected":false},"author":2,"featured_media":19207,"comment_status":"closed","ping_status":"open","sticky":false,"template":"","format":"standard","meta":{"_acf_changed":false,"inline_featured_image":false,"footnotes":""},"categories":[355],"tags":[596,599,600],"class_list":["post-19271","post","type-post","status-publish","format-standard","has-post-thumbnail","hentry","category-news-en","tag-distribution-en","tag-favorites","tag-features"],"acf":[],"yoast_head":"<!-- This site is optimized with the Yoast SEO plugin v27.2 - https:\/\/yoast.com\/product\/yoast-seo-wordpress\/ -->\n<title>Nya filmer i distribution \u2013 BUFF Malm\u00f6 Filmfestival<\/title>\n<meta name=\"description\" content=\"BUFF titulerar sig numera \u00e4ven som filmdistribut\u00f6r och har nu tre nya filmer tillg\u00e4ngliga f\u00f6r vita duken. Samtliga gjorde stor succ\u00e9 under BUFF 2018.\" \/>\n<meta name=\"robots\" content=\"index, follow, max-snippet:-1, max-image-preview:large, max-video-preview:-1\" \/>\n<link rel=\"canonical\" href=\"https:\/\/makesmefeel.com\/demo\/en\/news-en\/nya-filmer-i-distribution\/\" \/>\n<meta property=\"og:locale\" content=\"en_US\" \/>\n<meta property=\"og:type\" content=\"article\" \/>\n<meta property=\"og:title\" content=\"Nya filmer i distribution \u2013 BUFF Malm\u00f6 Filmfestival\" \/>\n<meta property=\"og:description\" content=\"BUFF titulerar sig numera \u00e4ven som filmdistribut\u00f6r och har nu tre nya filmer tillg\u00e4ngliga f\u00f6r vita duken. Samtliga gjorde stor succ\u00e9 under BUFF 2018.\" \/>\n<meta property=\"og:url\" content=\"https:\/\/makesmefeel.com\/demo\/en\/news-en\/nya-filmer-i-distribution\/\" \/>\n<meta property=\"og:site_name\" content=\"BUFF Malm\u00f6\" \/>\n<meta property=\"article:publisher\" content=\"https:\/\/www.facebook.com\/buff.festival\/\" \/>\n<meta property=\"article:published_time\" content=\"2018-09-21T05:15:05+00:00\" \/>\n<meta property=\"article:modified_time\" content=\"2018-10-19T08:45:54+00:00\" \/>\n<meta property=\"og:image\" content=\"https:\/\/makesmefeel.com\/demo\/wp-content\/uploads\/2018\/09\/The-Seen-and-Unseen-3.jpg\" \/>\n\t<meta property=\"og:image:width\" content=\"768\" \/>\n\t<meta property=\"og:image:height\" content=\"402\" \/>\n\t<meta property=\"og:image:type\" content=\"image\/jpeg\" \/>\n<meta name=\"author\" content=\"BUFF\" \/>\n<meta name=\"twitter:card\" content=\"summary_large_image\" \/>\n<meta name=\"twitter:creator\" content=\"@BUFF_Malmo\" \/>\n<meta name=\"twitter:site\" content=\"@BUFF_Malmo\" \/>\n<meta name=\"twitter:label1\" content=\"Written by\" \/>\n\t<meta name=\"twitter:data1\" content=\"BUFF\" \/>\n\t<meta name=\"twitter:label2\" content=\"Est. reading time\" \/>\n\t<meta name=\"twitter:data2\" content=\"2 minutes\" \/>\n<script type=\"application\/ld+json\" class=\"yoast-schema-graph\">{\"@context\":\"https:\/\/schema.org\",\"@graph\":[{\"@type\":\"Article\",\"@id\":\"https:\/\/makesmefeel.com\/demo\/en\/news-en\/nya-filmer-i-distribution\/#article\",\"isPartOf\":{\"@id\":\"https:\/\/makesmefeel.com\/demo\/en\/news-en\/nya-filmer-i-distribution\/\"},\"author\":{\"name\":\"BUFF\",\"@id\":\"https:\/\/makesmefeel.com\/demo\/#\/schema\/person\/052f80936b7c33fdc3da068c5db68171\"},\"headline\":\"New films in distribution\",\"datePublished\":\"2018-09-21T05:15:05+00:00\",\"dateModified\":\"2018-10-19T08:45:54+00:00\",\"mainEntityOfPage\":{\"@id\":\"https:\/\/makesmefeel.com\/demo\/en\/news-en\/nya-filmer-i-distribution\/\"},\"wordCount\":402,\"publisher\":{\"@id\":\"https:\/\/makesmefeel.com\/demo\/#organization\"},\"image\":{\"@id\":\"https:\/\/makesmefeel.com\/demo\/en\/news-en\/nya-filmer-i-distribution\/#primaryimage\"},\"thumbnailUrl\":\"https:\/\/www.buff.se\/wp-content\/uploads\/2018\/09\/The-Seen-and-Unseen-3.jpg\",\"keywords\":[\"Distribution\",\"Favorites\",\"Features\"],\"articleSection\":[\"News\"],\"inLanguage\":\"en-US\"},{\"@type\":\"WebPage\",\"@id\":\"https:\/\/makesmefeel.com\/demo\/en\/news-en\/nya-filmer-i-distribution\/\",\"url\":\"https:\/\/makesmefeel.com\/demo\/en\/news-en\/nya-filmer-i-distribution\/\",\"name\":\"Nya filmer i distribution \u2013 BUFF Malm\u00f6 Filmfestival\",\"isPartOf\":{\"@id\":\"https:\/\/makesmefeel.com\/demo\/#website\"},\"primaryImageOfPage\":{\"@id\":\"https:\/\/makesmefeel.com\/demo\/en\/news-en\/nya-filmer-i-distribution\/#primaryimage\"},\"image\":{\"@id\":\"https:\/\/makesmefeel.com\/demo\/en\/news-en\/nya-filmer-i-distribution\/#primaryimage\"},\"thumbnailUrl\":\"https:\/\/www.buff.se\/wp-content\/uploads\/2018\/09\/The-Seen-and-Unseen-3.jpg\",\"datePublished\":\"2018-09-21T05:15:05+00:00\",\"dateModified\":\"2018-10-19T08:45:54+00:00\",\"description\":\"BUFF titulerar sig numera \u00e4ven som filmdistribut\u00f6r och har nu tre nya filmer tillg\u00e4ngliga f\u00f6r vita duken. Samtliga gjorde stor succ\u00e9 under BUFF 2018.\",\"breadcrumb\":{\"@id\":\"https:\/\/makesmefeel.com\/demo\/en\/news-en\/nya-filmer-i-distribution\/#breadcrumb\"},\"inLanguage\":\"en-US\",\"potentialAction\":[{\"@type\":\"ReadAction\",\"target\":[\"https:\/\/makesmefeel.com\/demo\/en\/news-en\/nya-filmer-i-distribution\/\"]}]},{\"@type\":\"ImageObject\",\"inLanguage\":\"en-US\",\"@id\":\"https:\/\/makesmefeel.com\/demo\/en\/news-en\/nya-filmer-i-distribution\/#primaryimage\",\"url\":\"https:\/\/www.buff.se\/wp-content\/uploads\/2018\/09\/The-Seen-and-Unseen-3.jpg\",\"contentUrl\":\"https:\/\/www.buff.se\/wp-content\/uploads\/2018\/09\/The-Seen-and-Unseen-3.jpg\",\"width\":768,\"height\":402,\"caption\":\"The seen and unseen\"},{\"@type\":\"BreadcrumbList\",\"@id\":\"https:\/\/makesmefeel.com\/demo\/en\/news-en\/nya-filmer-i-distribution\/#breadcrumb\",\"itemListElement\":[{\"@type\":\"ListItem\",\"position\":1,\"name\":\"Hem\",\"item\":\"https:\/\/www.buff.se\/en\/\"},{\"@type\":\"ListItem\",\"position\":2,\"name\":\"New films in distribution\"}]},{\"@type\":\"WebSite\",\"@id\":\"https:\/\/makesmefeel.com\/demo\/#website\",\"url\":\"https:\/\/makesmefeel.com\/demo\/\",\"name\":\"BUFF Malm\u00f6\",\"description\":\"Barn- och ungdomsfilmfestival\",\"publisher\":{\"@id\":\"https:\/\/makesmefeel.com\/demo\/#organization\"},\"potentialAction\":[{\"@type\":\"SearchAction\",\"target\":{\"@type\":\"EntryPoint\",\"urlTemplate\":\"https:\/\/makesmefeel.com\/demo\/?s={search_term_string}\"},\"query-input\":{\"@type\":\"PropertyValueSpecification\",\"valueRequired\":true,\"valueName\":\"search_term_string\"}}],\"inLanguage\":\"en-US\"},{\"@type\":\"Organization\",\"@id\":\"https:\/\/makesmefeel.com\/demo\/#organization\",\"name\":\"BUFF Malm\u00f6\",\"url\":\"https:\/\/makesmefeel.com\/demo\/\",\"logo\":{\"@type\":\"ImageObject\",\"inLanguage\":\"en-US\",\"@id\":\"https:\/\/makesmefeel.com\/demo\/#\/schema\/logo\/image\/\",\"url\":\"https:\/\/www.buff.se\/wp-content\/uploads\/2021\/10\/buff-logo.svg\",\"contentUrl\":\"https:\/\/www.buff.se\/wp-content\/uploads\/2021\/10\/buff-logo.svg\",\"caption\":\"BUFF Malm\u00f6\"},\"image\":{\"@id\":\"https:\/\/makesmefeel.com\/demo\/#\/schema\/logo\/image\/\"},\"sameAs\":[\"https:\/\/www.facebook.com\/buff.festival\/\",\"https:\/\/x.com\/BUFF_Malmo\",\"https:\/\/www.instagram.com\/buff_malmo\/\"]},{\"@type\":\"Person\",\"@id\":\"https:\/\/makesmefeel.com\/demo\/#\/schema\/person\/052f80936b7c33fdc3da068c5db68171\",\"name\":\"BUFF\",\"image\":{\"@type\":\"ImageObject\",\"inLanguage\":\"en-US\",\"@id\":\"https:\/\/secure.gravatar.com\/avatar\/3321bf87f07638661dea0b000d943abc703693cca05aa15907eb76497a967270?s=96&d=mm&r=g\",\"url\":\"https:\/\/secure.gravatar.com\/avatar\/3321bf87f07638661dea0b000d943abc703693cca05aa15907eb76497a967270?s=96&d=mm&r=g\",\"contentUrl\":\"https:\/\/secure.gravatar.com\/avatar\/3321bf87f07638661dea0b000d943abc703693cca05aa15907eb76497a967270?s=96&d=mm&r=g\",\"caption\":\"BUFF\"},\"sameAs\":[\"https:\/\/www.buff.se\"],\"url\":\"\/#\"}]}<\/script>\n<!-- \/ Yoast SEO plugin. -->","yoast_head_json":{"title":"Nya filmer i distribution \u2013 BUFF Malm\u00f6 Filmfestival","description":"BUFF titulerar sig numera \u00e4ven som filmdistribut\u00f6r och har nu tre nya filmer tillg\u00e4ngliga f\u00f6r vita duken. Samtliga gjorde stor succ\u00e9 under BUFF 2018.","robots":{"index":"index","follow":"follow","max-snippet":"max-snippet:-1","max-image-preview":"max-image-preview:large","max-video-preview":"max-video-preview:-1"},"canonical":"https:\/\/makesmefeel.com\/demo\/en\/news-en\/nya-filmer-i-distribution\/","og_locale":"en_US","og_type":"article","og_title":"Nya filmer i distribution \u2013 BUFF Malm\u00f6 Filmfestival","og_description":"BUFF titulerar sig numera \u00e4ven som filmdistribut\u00f6r och har nu tre nya filmer tillg\u00e4ngliga f\u00f6r vita duken. Samtliga gjorde stor succ\u00e9 under BUFF 2018.","og_url":"https:\/\/makesmefeel.com\/demo\/en\/news-en\/nya-filmer-i-distribution\/","og_site_name":"BUFF Malm\u00f6","article_publisher":"https:\/\/www.facebook.com\/buff.festival\/","article_published_time":"2018-09-21T05:15:05+00:00","article_modified_time":"2018-10-19T08:45:54+00:00","og_image":[{"width":768,"height":402,"url":"https:\/\/makesmefeel.com\/demo\/wp-content\/uploads\/2018\/09\/The-Seen-and-Unseen-3.jpg","type":"image\/jpeg"}],"author":"BUFF","twitter_card":"summary_large_image","twitter_creator":"@BUFF_Malmo","twitter_site":"@BUFF_Malmo","twitter_misc":{"Written by":"BUFF","Est. reading time":"2 minutes"},"schema":{"@context":"https:\/\/schema.org","@graph":[{"@type":"Article","@id":"https:\/\/makesmefeel.com\/demo\/en\/news-en\/nya-filmer-i-distribution\/#article","isPartOf":{"@id":"https:\/\/makesmefeel.com\/demo\/en\/news-en\/nya-filmer-i-distribution\/"},"author":{"name":"BUFF","@id":"https:\/\/makesmefeel.com\/demo\/#\/schema\/person\/052f80936b7c33fdc3da068c5db68171"},"headline":"New films in distribution","datePublished":"2018-09-21T05:15:05+00:00","dateModified":"2018-10-19T08:45:54+00:00","mainEntityOfPage":{"@id":"https:\/\/makesmefeel.com\/demo\/en\/news-en\/nya-filmer-i-distribution\/"},"wordCount":402,"publisher":{"@id":"https:\/\/makesmefeel.com\/demo\/#organization"},"image":{"@id":"https:\/\/makesmefeel.com\/demo\/en\/news-en\/nya-filmer-i-distribution\/#primaryimage"},"thumbnailUrl":"https:\/\/www.buff.se\/wp-content\/uploads\/2018\/09\/The-Seen-and-Unseen-3.jpg","keywords":["Distribution","Favorites","Features"],"articleSection":["News"],"inLanguage":"en-US"},{"@type":"WebPage","@id":"https:\/\/makesmefeel.com\/demo\/en\/news-en\/nya-filmer-i-distribution\/","url":"https:\/\/makesmefeel.com\/demo\/en\/news-en\/nya-filmer-i-distribution\/","name":"Nya filmer i distribution \u2013 BUFF Malm\u00f6 Filmfestival","isPartOf":{"@id":"https:\/\/makesmefeel.com\/demo\/#website"},"primaryImageOfPage":{"@id":"https:\/\/makesmefeel.com\/demo\/en\/news-en\/nya-filmer-i-distribution\/#primaryimage"},"image":{"@id":"https:\/\/makesmefeel.com\/demo\/en\/news-en\/nya-filmer-i-distribution\/#primaryimage"},"thumbnailUrl":"https:\/\/www.buff.se\/wp-content\/uploads\/2018\/09\/The-Seen-and-Unseen-3.jpg","datePublished":"2018-09-21T05:15:05+00:00","dateModified":"2018-10-19T08:45:54+00:00","description":"BUFF titulerar sig numera \u00e4ven som filmdistribut\u00f6r och har nu tre nya filmer tillg\u00e4ngliga f\u00f6r vita duken. Samtliga gjorde stor succ\u00e9 under BUFF 2018.","breadcrumb":{"@id":"https:\/\/makesmefeel.com\/demo\/en\/news-en\/nya-filmer-i-distribution\/#breadcrumb"},"inLanguage":"en-US","potentialAction":[{"@type":"ReadAction","target":["https:\/\/makesmefeel.com\/demo\/en\/news-en\/nya-filmer-i-distribution\/"]}]},{"@type":"ImageObject","inLanguage":"en-US","@id":"https:\/\/makesmefeel.com\/demo\/en\/news-en\/nya-filmer-i-distribution\/#primaryimage","url":"https:\/\/www.buff.se\/wp-content\/uploads\/2018\/09\/The-Seen-and-Unseen-3.jpg","contentUrl":"https:\/\/www.buff.se\/wp-content\/uploads\/2018\/09\/The-Seen-and-Unseen-3.jpg","width":768,"height":402,"caption":"The seen and unseen"},{"@type":"BreadcrumbList","@id":"https:\/\/makesmefeel.com\/demo\/en\/news-en\/nya-filmer-i-distribution\/#breadcrumb","itemListElement":[{"@type":"ListItem","position":1,"name":"Hem","item":"https:\/\/www.buff.se\/en\/"},{"@type":"ListItem","position":2,"name":"New films in distribution"}]},{"@type":"WebSite","@id":"https:\/\/makesmefeel.com\/demo\/#website","url":"https:\/\/makesmefeel.com\/demo\/","name":"BUFF Malm\u00f6","description":"Barn- och ungdomsfilmfestival","publisher":{"@id":"https:\/\/makesmefeel.com\/demo\/#organization"},"potentialAction":[{"@type":"SearchAction","target":{"@type":"EntryPoint","urlTemplate":"https:\/\/makesmefeel.com\/demo\/?s={search_term_string}"},"query-input":{"@type":"PropertyValueSpecification","valueRequired":true,"valueName":"search_term_string"}}],"inLanguage":"en-US"},{"@type":"Organization","@id":"https:\/\/makesmefeel.com\/demo\/#organization","name":"BUFF Malm\u00f6","url":"https:\/\/makesmefeel.com\/demo\/","logo":{"@type":"ImageObject","inLanguage":"en-US","@id":"https:\/\/makesmefeel.com\/demo\/#\/schema\/logo\/image\/","url":"https:\/\/www.buff.se\/wp-content\/uploads\/2021\/10\/buff-logo.svg","contentUrl":"https:\/\/www.buff.se\/wp-content\/uploads\/2021\/10\/buff-logo.svg","caption":"BUFF Malm\u00f6"},"image":{"@id":"https:\/\/makesmefeel.com\/demo\/#\/schema\/logo\/image\/"},"sameAs":["https:\/\/www.facebook.com\/buff.festival\/","https:\/\/x.com\/BUFF_Malmo","https:\/\/www.instagram.com\/buff_malmo\/"]},{"@type":"Person","@id":"https:\/\/makesmefeel.com\/demo\/#\/schema\/person\/052f80936b7c33fdc3da068c5db68171","name":"BUFF","image":{"@type":"ImageObject","inLanguage":"en-US","@id":"https:\/\/secure.gravatar.com\/avatar\/3321bf87f07638661dea0b000d943abc703693cca05aa15907eb76497a967270?s=96&d=mm&r=g","url":"https:\/\/secure.gravatar.com\/avatar\/3321bf87f07638661dea0b000d943abc703693cca05aa15907eb76497a967270?s=96&d=mm&r=g","contentUrl":"https:\/\/secure.gravatar.com\/avatar\/3321bf87f07638661dea0b000d943abc703693cca05aa15907eb76497a967270?s=96&d=mm&r=g","caption":"BUFF"},"sameAs":["https:\/\/www.buff.se"],"url":"\/#"}]}},"_links":{"self":[{"href":"https:\/\/www.buff.se\/en\/wp-json\/wp\/v2\/posts\/19271","targetHints":{"allow":["GET"]}}],"collection":[{"href":"https:\/\/www.buff.se\/en\/wp-json\/wp\/v2\/posts"}],"about":[{"href":"https:\/\/www.buff.se\/en\/wp-json\/wp\/v2\/types\/post"}],"author":[{"embeddable":true,"href":"https:\/\/www.buff.se\/en\/wp-json\/wp\/v2\/users\/2"}],"replies":[{"embeddable":true,"href":"https:\/\/www.buff.se\/en\/wp-json\/wp\/v2\/comments?post=19271"}],"version-history":[{"count":0,"href":"https:\/\/www.buff.se\/en\/wp-json\/wp\/v2\/posts\/19271\/revisions"}],"wp:featuredmedia":[{"embeddable":true,"href":"https:\/\/www.buff.se\/en\/wp-json\/wp\/v2\/media\/19207"}],"wp:attachment":[{"href":"https:\/\/www.buff.se\/en\/wp-json\/wp\/v2\/media?parent=19271"}],"wp:term":[{"taxonomy":"category","embeddable":true,"href":"https:\/\/www.buff.se\/en\/wp-json\/wp\/v2\/categories?post=19271"},{"taxonomy":"post_tag","embeddable":true,"href":"https:\/\/www.buff.se\/en\/wp-json\/wp\/v2\/tags?post=19271"}],"curies":[{"name":"wp","href":"https:\/\/api.w.org\/{rel}","templated":true}]}}